{"id":14742,"date":"2025-11-20T14:26:19","date_gmt":"2025-11-20T13:26:19","guid":{"rendered":"https:\/\/idealstaff.com\/?p=14742"},"modified":"2025-11-21T08:33:59","modified_gmt":"2025-11-21T07:33:59","slug":"ideal-work-erweitert-sein-angebot-qualifizierte-technische-fachkraefte-fuer-den-einsatz-in-deutschland","status":"publish","type":"post","link":"https:\/\/idealstaff.com\/de\/ideal-work-erweitert-sein-angebot-qualifizierte-technische-fachkraefte-fuer-den-einsatz-in-deutschland\/","title":{"rendered":"Ideal Work erweitert sein Angebot: qualifizierte technische Fachkr\u00e4fte f\u00fcr den Einsatz in Deutschland"},"content":{"rendered":"[vc_row type=&#8221;in_container&#8221; full_screen_row_position=&#8221;middle&#8221; column_margin=&#8221;default&#8221; column_direction=&#8221;default&#8221; column_direction_tablet=&#8221;default&#8221; column_direction_phone=&#8221;default&#8221; scene_position=&#8221;center&#8221; text_color=&#8221;dark&#8221; text_align=&#8221;left&#8221; row_border_radius=&#8221;none&#8221; row_border_radius_applies=&#8221;bg&#8221; overflow=&#8221;visible&#8221; overlay_strength=&#8221;0.3&#8243; gradient_direction=&#8221;left_to_right&#8221; shape_divider_position=&#8221;bottom&#8221; bg_image_animation=&#8221;none&#8221;][vc_column column_padding=&#8221;no-extra-padding&#8221; column_padding_tablet=&#8221;inherit&#8221; column_padding_phone=&#8221;inherit&#8221; column_padding_position=&#8221;all&#8221; column_element_direction_desktop=&#8221;default&#8221; column_element_spacing=&#8221;default&#8221; desktop_text_alignment=&#8221;default&#8221; tablet_text_alignment=&#8221;default&#8221; phone_text_alignment=&#8221;default&#8221; background_color_opacity=&#8221;1&#8243; background_hover_color_opacity=&#8221;1&#8243; column_backdrop_filter=&#8221;none&#8221; column_shadow=&#8221;none&#8221; column_border_radius=&#8221;none&#8221; column_link_target=&#8221;_self&#8221; column_position=&#8221;default&#8221; gradient_direction=&#8221;left_to_right&#8221; overlay_strength=&#8221;0.3&#8243; width=&#8221;1\/1&#8243; tablet_width_inherit=&#8221;default&#8221; animation_type=&#8221;default&#8221; bg_image_animation=&#8221;none&#8221; border_type=&#8221;simple&#8221; column_border_width=&#8221;none&#8221; column_border_style=&#8221;solid&#8221;][vc_column_text css=&#8221;&#8221; text_direction=&#8221;default&#8221;]Die Industrie in Europa entwickelt sich schneller als die Verf\u00fcgbarkeit technischer Spezialisten. Unternehmen in Deutschland haben zunehmend Schwierigkeiten, Fachkr\u00e4fte zu gewinnen, die den steigenden Anforderungen der Produktion oder der Modernisierung von Anlagen gerecht werden.<br \/>\nUm diesen Bedarf zu decken, nimmt Ideal Work qualifizierte technische Zeitarbeitskr\u00e4fte in sein Angebot auf und bietet Unternehmen Zugang zu gepr\u00fcften Spezialisten, die in den wichtigsten industriellen Sektoren sofort einsetzbar sind.<\/p>\n<div id=\"ez-toc-container\" class=\"ez-toc-v2_0_82_2 counter-hierarchy ez-toc-counter ez-toc-grey ez-toc-container-direction\">\n<div class=\"ez-toc-title-container\">\n<p class=\"ez-toc-title\" style=\"cursor:inherit\">Spis tre\u015bci:<\/p>\n<span class=\"ez-toc-title-toggle\"><\/span><\/div>\n<nav><ul class='ez-toc-list ez-toc-list-level-1 ' ><li class='ez-toc-page-1 ez-toc-heading-level-2'><a class=\"ez-toc-link ez-toc-heading-1\" href=\"https:\/\/idealstaff.com\/de\/ideal-work-erweitert-sein-angebot-qualifizierte-technische-fachkraefte-fuer-den-einsatz-in-deutschland\/#Neue_Spezialisierung_von_Ideal_Work_%E2%80%93_technische_Fachkraefte_fuer_Industrie_und_Produktion\" >Neue Spezialisierung von Ideal Work \u2013 technische Fachkr\u00e4fte f\u00fcr Industrie und Produktion<\/a><\/li><li class='ez-toc-page-1 ez-toc-heading-level-2'><a class=\"ez-toc-link ez-toc-heading-2\" href=\"https:\/\/idealstaff.com\/de\/ideal-work-erweitert-sein-angebot-qualifizierte-technische-fachkraefte-fuer-den-einsatz-in-deutschland\/#Warum_fehlen_technische_Fachkraefte\" >Warum fehlen technische Fachkr\u00e4fte?<\/a><\/li><li class='ez-toc-page-1 ez-toc-heading-level-2'><a class=\"ez-toc-link ez-toc-heading-3\" href=\"https:\/\/idealstaff.com\/de\/ideal-work-erweitert-sein-angebot-qualifizierte-technische-fachkraefte-fuer-den-einsatz-in-deutschland\/#Hauptursachen\" >Hauptursachen<\/a><\/li><li class='ez-toc-page-1 ez-toc-heading-level-2'><a class=\"ez-toc-link ez-toc-heading-4\" href=\"https:\/\/idealstaff.com\/de\/ideal-work-erweitert-sein-angebot-qualifizierte-technische-fachkraefte-fuer-den-einsatz-in-deutschland\/#Krise_auf_dem_deutschen_Arbeitsmarkt_%E2%80%93_was_erwartet_Arbeitgeber\" >Krise auf dem deutschen Arbeitsmarkt \u2013 was erwartet Arbeitgeber?<\/a><\/li><\/ul><\/nav><\/div>\n<h2><span class=\"ez-toc-section\" id=\"Neue_Spezialisierung_von_Ideal_Work_%E2%80%93_technische_Fachkraefte_fuer_Industrie_und_Produktion\"><\/span>Neue Spezialisierung von Ideal Work \u2013 technische Fachkr\u00e4fte f\u00fcr Industrie und Produktion<span class=\"ez-toc-section-end\"><\/span><\/h2>\n<p>Ideal Work unterst\u00fctzt Unternehmen aus den Bereichen:<\/p>\n<ul>\n<li>Produktion und Montage von Industrie-, Bau-, Hebe-, Bahn- und Landmaschinen<\/li>\n<li>Metall- und Stahlbau<\/li>\n<li>Schiffbau<\/li>\n<li>Automotive<\/li>\n<li>allgemein breit gefasste Produktionsbranchen<\/li>\n<\/ul>\n<p>Im Rahmen des neuen Angebots stellen wir unter anderem folgende Spezialisten bereit:<\/p>\n<ul>\n<li>Schwei\u00dfer MIG\/MAG, TIG (m\/w\/d)<\/li>\n<li>Monteure f\u00fcr Stahlkonstruktionen (m\/w\/d)<\/li>\n<li>Maschinen- und Anlagenmonteure (m\/w\/d)<\/li>\n<li>Schlosser und Metallbearbeiter (m\/w\/d)<\/li>\n<li>Elektroinstallateure (m\/w\/d)<\/li>\n<li>Industrieelektriker (m\/w\/d)<\/li>\n<li>Maschinenbediener, einschlie\u00dflich CNC (m\/w\/d)<\/li>\n<li>Mechaniker, einschlie\u00dflich Industriemechaniker (m\/w\/d)<\/li>\n<li>Industrielackierer (m\/w\/d)<\/li>\n<\/ul>\n<p>Jeder Kandidat durchl\u00e4uft eine Kompetenzpr\u00fcfung, eine Analyse der technischen Unterlagen sowie eine \u00dcberpr\u00fcfung der Berechtigungen.<\/p>\n<h2><span class=\"ez-toc-section\" id=\"Warum_fehlen_technische_Fachkraefte\"><\/span>Warum fehlen technische Fachkr\u00e4fte?<span class=\"ez-toc-section-end\"><\/span><\/h2>\n<p>Der Mangel an technischen Fachkr\u00e4ften ist ein gesamteurop\u00e4isches Problem. Besonders gefragt sind Kompetenzen in den Bereichen Schwei\u00dfen, Metallbearbeitung, Elektrik, Instandhaltung, CNC und Montage.<\/p>\n<h2><span class=\"ez-toc-section\" id=\"Hauptursachen\"><\/span>Hauptursachen:<span class=\"ez-toc-section-end\"><\/span><\/h2>\n<ul>\n<li>Bedarf an Neubauten und Modernisierung bestehender Anlagen<\/li>\n<li>Alterung der technischen Belegschaft<\/li>\n<li>Bildungssystem nicht ausreichend an die aktuellen Marktanforderungen angepasst<\/li>\n<li>Hohe Zertifizierungsanforderungen, die die Zahl sofort einsetzbarer Kandidaten begrenzen<\/li>\n<\/ul>\n<h2><span class=\"ez-toc-section\" id=\"Krise_auf_dem_deutschen_Arbeitsmarkt_%E2%80%93_was_erwartet_Arbeitgeber\"><\/span>Krise auf dem deutschen Arbeitsmarkt \u2013 was erwartet Arbeitgeber?<span class=\"ez-toc-section-end\"><\/span><\/h2>\n<p>Der deutsche Arbeitsmarkt erlebt derzeit den gr\u00f6\u00dften Mangel an technischen Fachkr\u00e4ften seit Jahrzehnten. Branchenberichte zeigen, dass es an Hunderttausenden Spezialisten fehlt \u2013 besonders in Berufen, die f\u00fcr Produktion und Instandhaltung entscheidend sind.<\/p>\n<p><strong><strong>1. Der Fachkr\u00e4ftemangel ist keine vor\u00fcbergehende Schwierigkeit \u2013 er ist systemisch<\/strong><\/strong><\/p>\n<p>In Deutschland fehlen nicht nur Schwei\u00dfer (m\/w\/d) oder Elektriker (m\/w\/d), sondern auch CNC-Operatoren (m\/w\/d), Monteure (m\/w\/d) und Industriemechaniker (m\/w\/d). Das berufliche Ausbildungssystem kann diese L\u00fccken nicht schnell genug schlie\u00dfen. Das bedeutet: Lokale Rekrutierung reicht nicht mehr aus, und die Kompetenzl\u00fccke wird weiter wachsen.<\/p>\n<p><strong>2. Die Rekrutierungszeit in Deutschland hat sich um 30\u201360 % verl\u00e4ngert <\/strong><\/p>\n<p>Immer mehr deutsche Unternehmen berichten, dass die Suche nach einem technischen Mitarbeiter 3 bis 4 Monate dauert \u2013 vor allem aufgrund erforderlicher Zertifikate und praktischer Kompetenztests.<br \/>\nDeshalb entscheiden sich Arbeitgeber zunehmend f\u00fcr Ideal Work, das \u00fcber einen gepr\u00fcften Pool sofort einsatzbereiter Spezialisten verf\u00fcgt.<\/p>\n<p><strong>3. Deutsche Unternehmen ben\u00f6tigen \u201eready-to-work\u201c-Fachkr\u00e4fte<\/strong><\/p>\n<p>W\u00e4hrend Modernisierungsphasen bleibt keine Zeit f\u00fcr lange Einarbeitung. Erwartet werden Spezialisten, die:<\/p>\n<ul>\n<li>deutsche Produktionsstandards kennen,<\/li>\n<li>technische Zeichnungen lesen k\u00f6nnen,<\/li>\n<li>europ\u00e4ische Zertifikate besitzen,<\/li>\n<li>praktisch sofort einsatzbereit sind.<\/li>\n<\/ul>\n<p>Ideal Work f\u00fchrt daher praxisorientierte Tests durch und vermittelt nur Fachkr\u00e4fte mit best\u00e4tigten Kompetenzen.<\/p>\n<p><strong>4. Wettbewerbsvorteil in Deutschland entsteht heute durch flexiblen Zugang zu Fachkr\u00e4ften<\/strong><\/p>\n<p>Unternehmen, die Personalengp\u00e4sse schnell ausgleichen k\u00f6nnen, vermeiden Stillst\u00e4nde, Verz\u00f6gerungen und Vertragsstrafen.<br \/>\nDie Zusammenarbeit mit Ideal Work sichert Produktionskontinuit\u00e4t und h\u00e4lt Projektzeiten auch bei gr\u00f6\u00dftem Personalmangel ein.<\/p>\n<p><strong>Ideal Work \u2013 Ihr zuverl\u00e4ssiger Partner f\u00fcr die Besch\u00e4ftigung technischer Fachkr\u00e4fte<\/strong><\/p>\n<p>Als Agentur mit \u00fcber 10 Jahren Erfahrung bieten wir Unternehmen umfassende operative und rekru\u00adtierungs\u00adbezogene Unterst\u00fctzung:<\/p>\n<ul>\n<li style=\"list-style-type: none;\">\n<ul>\n<li>Datenbank gepr\u00fcfter Spezialisten<br \/>\nWir verf\u00fcgen \u00fcber ein weitreichendes Netzwerk von Kandidaten, die in Industrieprojekten nachweislich erfolgreich gearbeitet haben.<\/li>\n<\/ul>\n<\/li>\n<\/ul>\n<ul>\n<li style=\"list-style-type: none;\">\n<ul>\n<li>Professionelle Auswahl<br \/>\nWir bewerten praktische F\u00e4higkeiten, Erfahrung, Zertifikate und Verf\u00fcgbarkeit \u2013 durchgef\u00fchrt durch ein Expertenteam aus technischen Fachleuten.<\/li>\n<\/ul>\n<\/li>\n<\/ul>\n<ul>\n<li style=\"list-style-type: none;\">\n<ul>\n<li>Umfassende Betreuung beim Einsatz in Deutschland<br \/>\nWir \u00fcbernehmen Formalit\u00e4ten, Unterkunft, Transportlogistik, Betreuung vor Ort und 24\/7-sprachliche Unterst\u00fctzung.<\/li>\n<\/ul>\n<\/li>\n<\/ul>\n<ul>\n<li style=\"list-style-type: none;\">\n<ul>\n<li>Vollst\u00e4ndige Kundenbetreuung in Deutschland<br \/>\nEin dedizierter Koordinator vor Ort \u00fcberwacht laufend den Personalbedarf und unterst\u00fctzt den Kunden im Bereich technischer Zeitarbeit.<\/li>\n<\/ul>\n<\/li>\n<\/ul>\n<ul>\n<li style=\"list-style-type: none;\">\n<ul>\n<li>Langj\u00e4hrige Erfolgsbilanz<br \/>\nUnsere Erfahrung ist durch Zahlen und erfolgreiche Projekte best\u00e4tigt.<\/li>\n<\/ul>\n<\/li>\n<\/ul>\n<p><strong>Ben\u00f6tigen Sie qualifizierte technische Fachkr\u00e4fte f\u00fcr ein Projekt in Deutschland?<\/strong><br \/>\nTeilen Sie uns Ihren Bedarf mit \u2013 Ideal Work pr\u00e4sentiert Ihnen in kurzer Zeit genau passende Kandidaten und unterst\u00fctzt Ihr Unternehmen bei der Sicherung von Produktion, Modernisierung oder technischen Implementierungsprojekten.[\/vc_column_text][\/vc_column][\/vc_row]\n","protected":false},"excerpt":{"rendered":"<p>[vc_row type=&#8221;in_container&#8221; full_screen_row_position=&#8221;middle&#8221; column_margin=&#8221;default&#8221; column_direction=&#8221;default&#8221; column_direction_tablet=&#8221;default&#8221; column_direction_phone=&#8221;default&#8221; scene_position=&#8221;center&#8221; text_color=&#8221;dark&#8221; text_align=&#8221;left&#8221; row_border_radius=&#8221;none&#8221; row_border_radius_applies=&#8221;bg&#8221; overflow=&#8221;visible&#8221; overlay_strength=&#8221;0.3&#8243; gradient_direction=&#8221;left_to_right&#8221; shape_divider_position=&#8221;bottom&#8221; bg_image_animation=&#8221;none&#8221;][vc_column column_padding=&#8221;no-extra-padding&#8221; column_padding_tablet=&#8221;inherit&#8221; column_padding_phone=&#8221;inherit&#8221; column_padding_position=&#8221;all&#8221; column_element_direction_desktop=&#8221;default&#8221; column_element_spacing=&#8221;default&#8221; desktop_text_alignment=&#8221;default&#8221; tablet_text_alignment=&#8221;default&#8221; phone_text_alignment=&#8221;default&#8221; background_color_opacity=&#8221;1&#8243; background_hover_color_opacity=&#8221;1&#8243; column_backdrop_filter=&#8221;none&#8221; column_shadow=&#8221;none&#8221;&#8230;<\/p>\n","protected":false},"author":19,"featured_media":14763,"comment_status":"closed","ping_status":"open","sticky":false,"template":"","format":"standard","meta":{"_acf_changed":false,"inline_featured_image":false,"footnotes":""},"categories":[123],"tags":[],"class_list":{"0":"post-14742","1":"post","2":"type-post","3":"status-publish","4":"format-standard","5":"has-post-thumbnail","7":"category-unkategorisiert"},"acf":[],"_links":{"self":[{"href":"https:\/\/idealstaff.com\/de\/wp-json\/wp\/v2\/posts\/14742","targetHints":{"allow":["GET"]}}],"collection":[{"href":"https:\/\/idealstaff.com\/de\/wp-json\/wp\/v2\/posts"}],"about":[{"href":"https:\/\/idealstaff.com\/de\/wp-json\/wp\/v2\/types\/post"}],"author":[{"embeddable":true,"href":"https:\/\/idealstaff.com\/de\/wp-json\/wp\/v2\/users\/19"}],"replies":[{"embeddable":true,"href":"https:\/\/idealstaff.com\/de\/wp-json\/wp\/v2\/comments?post=14742"}],"version-history":[{"count":20,"href":"https:\/\/idealstaff.com\/de\/wp-json\/wp\/v2\/posts\/14742\/revisions"}],"predecessor-version":[{"id":14759,"href":"https:\/\/idealstaff.com\/de\/wp-json\/wp\/v2\/posts\/14742\/revisions\/14759"}],"wp:featuredmedia":[{"embeddable":true,"href":"https:\/\/idealstaff.com\/de\/wp-json\/wp\/v2\/media\/14763"}],"wp:attachment":[{"href":"https:\/\/idealstaff.com\/de\/wp-json\/wp\/v2\/media?parent=14742"}],"wp:term":[{"taxonomy":"category","embeddable":true,"href":"https:\/\/idealstaff.com\/de\/wp-json\/wp\/v2\/categories?post=14742"},{"taxonomy":"post_tag","embeddable":true,"href":"https:\/\/idealstaff.com\/de\/wp-json\/wp\/v2\/tags?post=14742"}],"curies":[{"name":"wp","href":"https:\/\/api.w.org\/{rel}","templated":true}]}}