{"id":10489,"date":"2024-07-30T16:36:34","date_gmt":"2024-07-30T14:36:34","guid":{"rendered":"https:\/\/idealstaff.com\/?p=10489"},"modified":"2025-06-11T17:38:55","modified_gmt":"2025-06-11T15:38:55","slug":"praca-w-niemczech-okolice-monachium","status":"publish","type":"post","link":"https:\/\/idealstaff.com\/pl\/praca-w-niemczech-okolice-monachium\/","title":{"rendered":"Praca w Niemczech: okolice Monachium"},"content":{"rendered":"[vc_row type=&#8221;in_container&#8221; full_screen_row_position=&#8221;middle&#8221; column_margin=&#8221;default&#8221; column_direction=&#8221;default&#8221; column_direction_tablet=&#8221;default&#8221; column_direction_phone=&#8221;default&#8221; scene_position=&#8221;center&#8221; text_color=&#8221;dark&#8221; text_align=&#8221;left&#8221; row_border_radius=&#8221;none&#8221; row_border_radius_applies=&#8221;bg&#8221; overflow=&#8221;visible&#8221; overlay_strength=&#8221;0.3&#8243; gradient_direction=&#8221;left_to_right&#8221; shape_divider_position=&#8221;bottom&#8221; bg_image_animation=&#8221;none&#8221;][vc_column column_padding=&#8221;no-extra-padding&#8221; column_padding_tablet=&#8221;inherit&#8221; column_padding_phone=&#8221;inherit&#8221; column_padding_position=&#8221;all&#8221; column_element_direction_desktop=&#8221;default&#8221; column_element_spacing=&#8221;default&#8221; desktop_text_alignment=&#8221;default&#8221; tablet_text_alignment=&#8221;default&#8221; phone_text_alignment=&#8221;default&#8221; background_color_opacity=&#8221;1&#8243; background_hover_color_opacity=&#8221;1&#8243; column_backdrop_filter=&#8221;none&#8221; column_shadow=&#8221;none&#8221; column_border_radius=&#8221;none&#8221; column_link_target=&#8221;_self&#8221; column_position=&#8221;default&#8221; gradient_direction=&#8221;left_to_right&#8221; overlay_strength=&#8221;0.3&#8243; width=&#8221;1\/1&#8243; tablet_width_inherit=&#8221;default&#8221; animation_type=&#8221;default&#8221; bg_image_animation=&#8221;none&#8221; border_type=&#8221;simple&#8221; column_border_width=&#8221;none&#8221; column_border_style=&#8221;solid&#8221;][vc_column_text css=&#8221;&#8221; text_direction=&#8221;default&#8221;]W IDEAL WORK mamy <strong>nowe oferty pracy<\/strong> dla magazynier\u00f3w, komisjoner\u00f3w i operator\u00f3w w\u00f3zk\u00f3w wid\u0142owych w okolicach Monachium.<\/p>\n<div id=\"ez-toc-container\" class=\"ez-toc-v2_0_82_2 counter-hierarchy ez-toc-counter ez-toc-grey ez-toc-container-direction\">\n<div class=\"ez-toc-title-container\">\n<p class=\"ez-toc-title\" style=\"cursor:inherit\">Spis tre\u015bci:<\/p>\n<span class=\"ez-toc-title-toggle\"><\/span><\/div>\n<nav><ul class='ez-toc-list ez-toc-list-level-1 ' ><li class='ez-toc-page-1 ez-toc-heading-level-2'><a class=\"ez-toc-link ez-toc-heading-1\" href=\"https:\/\/idealstaff.com\/pl\/praca-w-niemczech-okolice-monachium\/#Oferty_pracy_w_Monachium_i_okolicach\" >Oferty pracy w Monachium i okolicach<\/a><\/li><li class='ez-toc-page-1 ez-toc-heading-level-2'><a class=\"ez-toc-link ez-toc-heading-2\" href=\"https:\/\/idealstaff.com\/pl\/praca-w-niemczech-okolice-monachium\/#Zalety_naszych_ofert_pracy_Monachium_i_okolicach\" >Zalety naszych ofert pracy Monachium i okolicach<\/a><\/li><li class='ez-toc-page-1 ez-toc-heading-level-2'><a class=\"ez-toc-link ez-toc-heading-3\" href=\"https:\/\/idealstaff.com\/pl\/praca-w-niemczech-okolice-monachium\/#O_lokalizacji_Monachium\" >O lokalizacji Monachium<\/a><\/li><\/ul><\/nav><\/div>\n<h2><span class=\"ez-toc-section\" id=\"Oferty_pracy_w_Monachium_i_okolicach\"><\/span>Oferty pracy w Monachium i okolicach<span class=\"ez-toc-section-end\"><\/span><\/h2>\n<h3>Komisjoner<\/h3>\n<p>G\u0142\u00f3wne obowi\u0105zki:<\/p>\n<ul>\n<li>Kompletowanie i sk\u0142adowanie towar\u00f3w<\/li>\n<li>Praca z w\u00f3zkiem wid\u0142owym czo\u0142owym<\/li>\n<li>Praca ze skanerem lub pick by voice\/na s\u0142uchawkach j. polski<\/li>\n<\/ul>\n<h3>Magazynier<\/h3>\n<p>G\u0142\u00f3wne obowi\u0105zki:<\/p>\n<ul>\n<li>Roz\u0142adunek kontener\u00f3w i ci\u0119\u017car\u00f3wek, przygotowywanie i za\u0142adunek towaru<\/li>\n<\/ul>\n<h3>Operator w\u00f3zk\u00f3w wid\u0142owych<\/h3>\n<p>G\u0142\u00f3wne obowi\u0105zki:<\/p>\n<ul>\n<li>Uk\u0142adanie przednie i boczne towar\u00f3w na magazynie meblowym<\/li>\n<li>Operowanie w\u00f3zkiem bocznym wysokiego sk\u0142adu-do 11m<\/li>\n<\/ul>\n<h2><span class=\"ez-toc-section\" id=\"Zalety_naszych_ofert_pracy_Monachium_i_okolicach\"><\/span>Zalety naszych ofert pracy Monachium i okolicach<span class=\"ez-toc-section-end\"><\/span><\/h2>\n<ul>\n<li>Wynagrodzenie: 2300-2700 euro brutto miesi\u0119cznie<\/li>\n<li>Ca\u0142odobowe wsparcie i komfortowe zakwaterowanie<\/li>\n<li>Pe\u0142ne ubezpieczenie i dost\u0119p do opieki medycznej<\/li>\n<li>Lokalizacja sprzyjaj\u0105ca rozwojowi zawodowemu<\/li>\n<\/ul>\n<h2><span class=\"ez-toc-section\" id=\"O_lokalizacji_Monachium\"><\/span>O lokalizacji Monachium<span class=\"ez-toc-section-end\"><\/span><\/h2>\n<p>Monachium, stolica Bawarii, jest jednym z najwa\u017cniejszych miast w Niemczech, znanym z bogatej historii, kultury i nowoczesnego dynamizmu. Po\u0142o\u017cone nad rzek\u0105 Izar\u0105, Monachium oferuje wiele atrakcji, od historycznych zabytk\u00f3w po nowoczesne dzielnice. Poznaj oferty pracy w Monachium<\/p>\n<p>Monachium ma bogat\u0105 histori\u0119, kt\u00f3rej \u015blady mo\u017cna znale\u017a\u0107 na ka\u017cdym kroku. Miasto by\u0142o wa\u017cnym centrum handlowym ju\u017c w \u015bredniowieczu i odgrywa\u0142o kluczow\u0105 rol\u0119 w rozwoju sztuki i nauki. Znajduj\u0105 si\u0119 tu takie zabytki jak Stary Ratusz, Ko\u015bci\u00f3\u0142 Mariacki z charakterystycznymi wie\u017cami oraz Rezydencja Monachijska, kt\u00f3ra by\u0142a siedzib\u0105 bawarskich w\u0142adc\u00f3w przez stulecia.<\/p>\n<p>Monachium zachwyca r\u00f3\u017cnorodno\u015bci\u0105 architektoniczn\u0105. Od barokowych i renesansowych budowli w centrum miasta, przez secesyjne kamienice, a\u017c po nowoczesne konstrukcje. Warto odwiedzi\u0107 dzielnic\u0119 Schwabing, kt\u00f3ra jest znana z artystycznego klimatu i licznych kawiarni, galerii oraz sklep\u00f3w.<\/p>\n<p>Monachium s\u0142ynie z t\u0119tni\u0105cego \u017cycia nocnego. Kluby, bary, koncerty \u2013 miasto nigdy nie zasypia. Dzielnice takie jak Glockenbachviertel i Maxvorstadt oferuj\u0105 niezliczone mo\u017cliwo\u015bci sp\u0119dzenia wieczoru. Monachium to tak\u017ce miejsce wielu festiwali muzycznych i filmowych, przyci\u0105gaj\u0105cych artyst\u00f3w z ca\u0142ego \u015bwiata, takich jak Oktoberfest, Festiwal Filmowy w Monachium czy Tollwood Festival.<\/p>\n<p>Monachium jest pe\u0142ne zielonych przestrzeni. Englischer Garten, jeden z najwi\u0119kszych park\u00f3w miejskich na \u015bwiecie, to idealne miejsce na relaks. Miasto mo\u017ce si\u0119 r\u00f3wnie\u017c pochwali\u0107 licznymi jeziorami i terenami rekreacyjnymi w regionie, kt\u00f3re oferuj\u0105 mo\u017cliwo\u015bci uprawiania sport\u00f3w wodnych i pieszych wycieczek.<\/p>\n<p>Monachium to miasto, kt\u00f3re ci\u0105gle si\u0119 zmienia, oferuj\u0105c co\u015b dla ka\u017cdego \u2013 od fascynuj\u0105cych zabytk\u00f3w, przez bogat\u0105 kultur\u0119, po dynamiczne \u017cycie nocne i zielone przestrzenie.[\/vc_column_text][divider line_type=&#8221;Full Width Line&#8221; line_thickness=&#8221;2&#8243; divider_color=&#8221;extra-color-1&#8243;][vc_custom_heading text=&#8221;Aplikuj ju\u017c dzi\u015b do pracy w okolicach Monachium!&#8221; font_container=&#8221;tag:h3|text_align:center|line_height:2&#8243; css=&#8221;&#8221;][vc_column_text css=&#8221;&#8221; text_direction=&#8221;default&#8221;]<div class=\"woocommerce columns-4 \">\r\n  <ul class=\"products columns-4\" data-n-lazy=\"1\" data-rm-m-hover=\"off\" data-n-desktop-columns=\"2\" data-n-desktop-small-columns=\"2\" data-n-tablet-columns=\"2\" data-n-phone-columns=\"1\" data-product-style=\"minimal\">\r\n\r\n\r\n\n\t<li class=\"minimal product type-product post-15707 status-publish first instock product_cat-niemcy shipping-taxable product-type-simple\" >\n\n\n\t\n\n\t\t\t\t <div class=\"background-color-expand\"><\/div>\n\t   <div class=\"product-wrap\">\n\t\t\t<a href=\"https:\/\/idealstaff.com\/pl\/oferta\/operator-wozka-widlowego-praca-niemcy-na-dluzej-zakwaterowaniem-k-3\/\" aria-label=\"Operator w\u00f3zka wid\u0142owego- Praca Niemcy | NA D\u0141U\u017bEJ | Zakwaterowanie(m\/k)\"><img decoding=\"async\" width=\"300\" height=\"300\" src=\"https:\/\/idealstaff.com\/wp-content\/uploads\/woocommerce-placeholder-300x300.png\" class=\"woocommerce-placeholder wp-post-image\" alt=\"Symbol zast\u0119pczy\" srcset=\"https:\/\/idealstaff.com\/wp-content\/uploads\/woocommerce-placeholder-300x300.png 300w, https:\/\/idealstaff.com\/wp-content\/uploads\/woocommerce-placeholder-150x150.png 150w, https:\/\/idealstaff.com\/wp-content\/uploads\/woocommerce-placeholder-600x600.png 600w, https:\/\/idealstaff.com\/wp-content\/uploads\/woocommerce-placeholder-1024x1024.png 1024w, https:\/\/idealstaff.com\/wp-content\/uploads\/woocommerce-placeholder-768x768.png 768w, https:\/\/idealstaff.com\/wp-content\/uploads\/woocommerce-placeholder-100x100.png 100w, https:\/\/idealstaff.com\/wp-content\/uploads\/woocommerce-placeholder-140x140.png 140w, https:\/\/idealstaff.com\/wp-content\/uploads\/woocommerce-placeholder-500x500.png 500w, https:\/\/idealstaff.com\/wp-content\/uploads\/woocommerce-placeholder-350x350.png 350w, https:\/\/idealstaff.com\/wp-content\/uploads\/woocommerce-placeholder-1000x1000.png 1000w, https:\/\/idealstaff.com\/wp-content\/uploads\/woocommerce-placeholder-800x800.png 800w, https:\/\/idealstaff.com\/wp-content\/uploads\/woocommerce-placeholder.png 1200w\" sizes=\"(max-width: 300px) 100vw, 300px\" title=\"\"><\/a><div class=\"product-meta\"><a href=\"https:\/\/idealstaff.com\/pl\/oferta\/operator-wozka-widlowego-praca-niemcy-na-dluzej-zakwaterowaniem-k-3\/\"><h2 class=\"woocommerce-loop-product__title\">Operator w\u00f3zka wid\u0142owego- Praca Niemcy | NA D\u0141U\u017bEJ | Zakwaterowanie(m\/k)<\/h2><\/a><div class=\"box2\">\n\t\t\t\t<span class=\"op_list_field op_list_field_bottom op_list_idealWorkArea\">okolice Monachium, Niemcy <\/span>\n\t\t\t\t<span class=\"op_list_field op_list_field_bottom op_list_idealWorkDataCreate\">Opublikowano: 2025-12-15<\/span>\n\t<\/div>\n<div class=\"box3\">\n\t\t\t<div class='aplikuj'>Aplikuj<\/div>\t\n<\/div>\n\t<div class=\"op_list_bottom\">\n\t\t\t\t\t<span class=\"op_list_field op_list_field_bottom op_list_IdealWorkIndustry\">Handel<\/span>\n\t\t\t\t\t\t\t<span class=\"op_list_field op_list_field_bottom op_list_idealWorkDepartment\" >Praca Tymczasowa Zagranica<\/span>\n\t\t\t\t\t\t\t<span class=\"op_list_field op_list_field_bottom op_list_idealWorkPlace\">Operator w\u00f3zka wid\u0142owego<\/span>\n\t\t\t\t\n\t\t\t\t\t\t\t<span class=\"op_list_field op_list_field_bottom op_list_idealWorkSallary\">2 950 - 3 150 Euro brutto miesi\u0119cznie<\/span>\n\t\t\t<\/div>\n\t<div class=\"price-hover-wrap\">\n<div class=\"product-add-to-cart\" data-nectar-quickview=\"false\"><a href=\"https:\/\/idealstaff.com\/pl\/oferta\/operator-wozka-widlowego-praca-niemcy-na-dluzej-zakwaterowaniem-k-3\/\" data-quantity=\"1\" class=\"button product_type_simple\" data-product_id=\"15707\" data-product_sku=\"\" aria-label=\"Przeczytaj wi\u0119cej o &bdquo;Operator w\u00f3zka wid\u0142owego- Praca Niemcy | NA D\u0141U\u017bEJ | Zakwaterowanie(m\/k)&rdquo;\" rel=\"nofollow\" data-success_message=\"\"><i class=\"normal icon-salient-cart\"><\/i><span>Dowiedz si\u0119 wi\u0119cej<\/span><\/a><\/div>\n\t\t\t\t<\/div>\n\t\t\t<\/div><\/div>\t\t\n\t  \n\n\t\t\n\t\n\n\t\n<\/li>\n\t<li class=\"minimal product type-product post-15338 status-publish instock product_cat-niemcy shipping-taxable product-type-simple\" >\n\n\n\t\n\n\t\t\t\t <div class=\"background-color-expand\"><\/div>\n\t   <div class=\"product-wrap\">\n\t\t\t<a href=\"https:\/\/idealstaff.com\/pl\/oferta\/magazynier-w-branzy-meblowej-niemcy-zakwaterowanie-m-k\/\" aria-label=\"Magazynier w bran\u017cy meblowej Niemcy | Zakwaterowanie (m\/k)\"><img decoding=\"async\" width=\"300\" height=\"300\" src=\"https:\/\/idealstaff.com\/wp-content\/uploads\/woocommerce-placeholder-300x300.png\" class=\"woocommerce-placeholder wp-post-image\" alt=\"Symbol zast\u0119pczy\" srcset=\"https:\/\/idealstaff.com\/wp-content\/uploads\/woocommerce-placeholder-300x300.png 300w, https:\/\/idealstaff.com\/wp-content\/uploads\/woocommerce-placeholder-150x150.png 150w, https:\/\/idealstaff.com\/wp-content\/uploads\/woocommerce-placeholder-600x600.png 600w, https:\/\/idealstaff.com\/wp-content\/uploads\/woocommerce-placeholder-1024x1024.png 1024w, https:\/\/idealstaff.com\/wp-content\/uploads\/woocommerce-placeholder-768x768.png 768w, https:\/\/idealstaff.com\/wp-content\/uploads\/woocommerce-placeholder-100x100.png 100w, https:\/\/idealstaff.com\/wp-content\/uploads\/woocommerce-placeholder-140x140.png 140w, https:\/\/idealstaff.com\/wp-content\/uploads\/woocommerce-placeholder-500x500.png 500w, https:\/\/idealstaff.com\/wp-content\/uploads\/woocommerce-placeholder-350x350.png 350w, https:\/\/idealstaff.com\/wp-content\/uploads\/woocommerce-placeholder-1000x1000.png 1000w, https:\/\/idealstaff.com\/wp-content\/uploads\/woocommerce-placeholder-800x800.png 800w, https:\/\/idealstaff.com\/wp-content\/uploads\/woocommerce-placeholder.png 1200w\" sizes=\"(max-width: 300px) 100vw, 300px\" title=\"\"><\/a><div class=\"product-meta\"><a href=\"https:\/\/idealstaff.com\/pl\/oferta\/magazynier-w-branzy-meblowej-niemcy-zakwaterowanie-m-k\/\"><h2 class=\"woocommerce-loop-product__title\">Magazynier w bran\u017cy meblowej Niemcy | Zakwaterowanie (m\/k)<\/h2><\/a><div class=\"box2\">\n\t\t\t\t<span class=\"op_list_field op_list_field_bottom op_list_idealWorkArea\">okolice Monachium, Niemcy <\/span>\n\t\t\t\t<span class=\"op_list_field op_list_field_bottom op_list_idealWorkDataCreate\">Opublikowano: 2026-02-10<\/span>\n\t<\/div>\n<div class=\"box3\">\n\t\t\t<div class='aplikuj'>Aplikuj<\/div>\t\n<\/div>\n\t<div class=\"op_list_bottom\">\n\t\t\t\t\t\t\t<span class=\"op_list_field op_list_field_bottom op_list_idealWorkDepartment\" >Praca Tymczasowa Zagranica<\/span>\n\t\t\t\t\t\t\t<span class=\"op_list_field op_list_field_bottom op_list_idealWorkPlace\">Magazynier<\/span>\n\t\t\t\t\n\t\t\t\t\t\t\t<span class=\"op_list_field op_list_field_bottom op_list_idealWorkSallary\">2700 - 2850EUR miesi\u0119cznie<\/span>\n\t\t\t<\/div>\n\t<div class=\"price-hover-wrap\">\n<div class=\"product-add-to-cart\" data-nectar-quickview=\"false\"><a href=\"https:\/\/idealstaff.com\/pl\/oferta\/magazynier-w-branzy-meblowej-niemcy-zakwaterowanie-m-k\/\" data-quantity=\"1\" class=\"button product_type_simple\" data-product_id=\"15338\" data-product_sku=\"\" aria-label=\"Przeczytaj wi\u0119cej o &bdquo;Magazynier w bran\u017cy meblowej Niemcy | Zakwaterowanie (m\/k)&rdquo;\" rel=\"nofollow\" data-success_message=\"\"><i class=\"normal icon-salient-cart\"><\/i><span>Dowiedz si\u0119 wi\u0119cej<\/span><\/a><\/div>\n\t\t\t\t<\/div>\n\t\t\t<\/div><\/div>\t\t\n\t  \n\n\t\t\n\t\n\n\t\n<\/li>\n\t<li class=\"minimal product type-product post-15499 status-publish instock product_cat-niemcy shipping-taxable product-type-simple\" >\n\n\n\t\n\n\t\t\t\t <div class=\"background-color-expand\"><\/div>\n\t   <div class=\"product-wrap\">\n\t\t\t<a href=\"https:\/\/idealstaff.com\/pl\/oferta\/operator-wozka-widlowego-praca-niemcy-na-dluzej-zakwaterowaniem-k-2\/\" aria-label=\"Operator w\u00f3zka wid\u0142owego- Praca Niemcy | NA D\u0141U\u017bEJ | Zakwaterowanie(m\/k)\"><img decoding=\"async\" width=\"300\" height=\"300\" src=\"https:\/\/idealstaff.com\/wp-content\/uploads\/woocommerce-placeholder-300x300.png\" class=\"woocommerce-placeholder wp-post-image\" alt=\"Symbol zast\u0119pczy\" srcset=\"https:\/\/idealstaff.com\/wp-content\/uploads\/woocommerce-placeholder-300x300.png 300w, https:\/\/idealstaff.com\/wp-content\/uploads\/woocommerce-placeholder-150x150.png 150w, https:\/\/idealstaff.com\/wp-content\/uploads\/woocommerce-placeholder-600x600.png 600w, https:\/\/idealstaff.com\/wp-content\/uploads\/woocommerce-placeholder-1024x1024.png 1024w, https:\/\/idealstaff.com\/wp-content\/uploads\/woocommerce-placeholder-768x768.png 768w, https:\/\/idealstaff.com\/wp-content\/uploads\/woocommerce-placeholder-100x100.png 100w, https:\/\/idealstaff.com\/wp-content\/uploads\/woocommerce-placeholder-140x140.png 140w, https:\/\/idealstaff.com\/wp-content\/uploads\/woocommerce-placeholder-500x500.png 500w, https:\/\/idealstaff.com\/wp-content\/uploads\/woocommerce-placeholder-350x350.png 350w, https:\/\/idealstaff.com\/wp-content\/uploads\/woocommerce-placeholder-1000x1000.png 1000w, https:\/\/idealstaff.com\/wp-content\/uploads\/woocommerce-placeholder-800x800.png 800w, https:\/\/idealstaff.com\/wp-content\/uploads\/woocommerce-placeholder.png 1200w\" sizes=\"(max-width: 300px) 100vw, 300px\" title=\"\"><\/a><div class=\"product-meta\"><a href=\"https:\/\/idealstaff.com\/pl\/oferta\/operator-wozka-widlowego-praca-niemcy-na-dluzej-zakwaterowaniem-k-2\/\"><h2 class=\"woocommerce-loop-product__title\">Operator w\u00f3zka wid\u0142owego- Praca Niemcy | NA D\u0141U\u017bEJ | Zakwaterowanie(m\/k)<\/h2><\/a><div class=\"box2\">\n\t\t\t\t<span class=\"op_list_field op_list_field_bottom op_list_idealWorkArea\">okolice Monachium, Niemcy <\/span>\n\t\t\t\t<span class=\"op_list_field op_list_field_bottom op_list_idealWorkDataCreate\">Opublikowano: 2025-12-15<\/span>\n\t<\/div>\n<div class=\"box3\">\n\t\t\t<div class='aplikuj'>Aplikuj<\/div>\t\n<\/div>\n\t<div class=\"op_list_bottom\">\n\t\t\t\t\t<span class=\"op_list_field op_list_field_bottom op_list_IdealWorkIndustry\">Handel<\/span>\n\t\t\t\t\t\t\t<span class=\"op_list_field op_list_field_bottom op_list_idealWorkDepartment\" >Praca Tymczasowa Zagranica<\/span>\n\t\t\t\t\t\t\t<span class=\"op_list_field op_list_field_bottom op_list_idealWorkPlace\">Operator w\u00f3zka wid\u0142owego<\/span>\n\t\t\t\t\n\t\t\t\t\t\t\t<span class=\"op_list_field op_list_field_bottom op_list_idealWorkSallary\">2 950 - 3 150 Euro brutto miesi\u0119cznie<\/span>\n\t\t\t<\/div>\n\t<div class=\"price-hover-wrap\">\n<div class=\"product-add-to-cart\" data-nectar-quickview=\"false\"><a href=\"https:\/\/idealstaff.com\/pl\/oferta\/operator-wozka-widlowego-praca-niemcy-na-dluzej-zakwaterowaniem-k-2\/\" data-quantity=\"1\" class=\"button product_type_simple\" data-product_id=\"15499\" data-product_sku=\"\" aria-label=\"Przeczytaj wi\u0119cej o &bdquo;Operator w\u00f3zka wid\u0142owego- Praca Niemcy | NA D\u0141U\u017bEJ | Zakwaterowanie(m\/k)&rdquo;\" rel=\"nofollow\" data-success_message=\"\"><i class=\"normal icon-salient-cart\"><\/i><span>Dowiedz si\u0119 wi\u0119cej<\/span><\/a><\/div>\n\t\t\t\t<\/div>\n\t\t\t<\/div><\/div>\t\t\n\t  \n\n\t\t\n\t\n\n\t\n<\/li>\n\t<li class=\"minimal product type-product post-15226 status-publish last instock product_cat-niemcy shipping-taxable product-type-simple\" >\n\n\n\t\n\n\t\t\t\t <div class=\"background-color-expand\"><\/div>\n\t   <div class=\"product-wrap\">\n\t\t\t<a href=\"https:\/\/idealstaff.com\/pl\/oferta\/operator-cnc-praca-w-niemczech-umowa-pl-lub-de-m-k\/\" aria-label=\"Operator frezarki\/tokarki CNC | Praca w Niemczech | UMOWA PL LUB DE (m\/k)\"><img decoding=\"async\" width=\"300\" height=\"300\" src=\"https:\/\/idealstaff.com\/wp-content\/uploads\/woocommerce-placeholder-300x300.png\" class=\"woocommerce-placeholder wp-post-image\" alt=\"Symbol zast\u0119pczy\" srcset=\"https:\/\/idealstaff.com\/wp-content\/uploads\/woocommerce-placeholder-300x300.png 300w, https:\/\/idealstaff.com\/wp-content\/uploads\/woocommerce-placeholder-150x150.png 150w, https:\/\/idealstaff.com\/wp-content\/uploads\/woocommerce-placeholder-600x600.png 600w, https:\/\/idealstaff.com\/wp-content\/uploads\/woocommerce-placeholder-1024x1024.png 1024w, https:\/\/idealstaff.com\/wp-content\/uploads\/woocommerce-placeholder-768x768.png 768w, https:\/\/idealstaff.com\/wp-content\/uploads\/woocommerce-placeholder-100x100.png 100w, https:\/\/idealstaff.com\/wp-content\/uploads\/woocommerce-placeholder-140x140.png 140w, https:\/\/idealstaff.com\/wp-content\/uploads\/woocommerce-placeholder-500x500.png 500w, https:\/\/idealstaff.com\/wp-content\/uploads\/woocommerce-placeholder-350x350.png 350w, https:\/\/idealstaff.com\/wp-content\/uploads\/woocommerce-placeholder-1000x1000.png 1000w, https:\/\/idealstaff.com\/wp-content\/uploads\/woocommerce-placeholder-800x800.png 800w, https:\/\/idealstaff.com\/wp-content\/uploads\/woocommerce-placeholder.png 1200w\" sizes=\"(max-width: 300px) 100vw, 300px\" title=\"\"><\/a><div class=\"product-meta\"><a href=\"https:\/\/idealstaff.com\/pl\/oferta\/operator-cnc-praca-w-niemczech-umowa-pl-lub-de-m-k\/\"><h2 class=\"woocommerce-loop-product__title\">Operator frezarki\/tokarki CNC | Praca w Niemczech | UMOWA PL LUB DE (m\/k)<\/h2><\/a><div class=\"box2\">\n\t\t\t\t<span class=\"op_list_field op_list_field_bottom op_list_idealWorkArea\">okolice Monachium, Niemcy <\/span>\n\t\t\t\t<span class=\"op_list_field op_list_field_bottom op_list_idealWorkDataCreate\">Opublikowano: 2026-01-28<\/span>\n\t<\/div>\n<div class=\"box3\">\n\t\t\t<div class='aplikuj'>Aplikuj<\/div>\t\n<\/div>\n\t<div class=\"op_list_bottom\">\n\t\t\t\t\t<span class=\"op_list_field op_list_field_bottom op_list_IdealWorkIndustry\">Produkcja<\/span>\n\t\t\t\t\t\t\t<span class=\"op_list_field op_list_field_bottom op_list_idealWorkDepartment\" >Praca Tymczasowa Zagranica<\/span>\n\t\t\t\t\t\t\t<span class=\"op_list_field op_list_field_bottom op_list_idealWorkPlace\">Operator CNC<\/span>\n\t\t\t\t\n\t\t\t\t\t\t\t<span class=\"op_list_field op_list_field_bottom op_list_idealWorkSallary\">4000 - 4200EUR brutto<\/span>\n\t\t\t<\/div>\n\t<div class=\"price-hover-wrap\">\n<div class=\"product-add-to-cart\" data-nectar-quickview=\"false\"><a href=\"https:\/\/idealstaff.com\/pl\/oferta\/operator-cnc-praca-w-niemczech-umowa-pl-lub-de-m-k\/\" data-quantity=\"1\" class=\"button product_type_simple\" data-product_id=\"15226\" data-product_sku=\"\" aria-label=\"Przeczytaj wi\u0119cej o &bdquo;Operator frezarki\/tokarki CNC | Praca w Niemczech | UMOWA PL LUB DE (m\/k)&rdquo;\" rel=\"nofollow\" data-success_message=\"\"><i class=\"normal icon-salient-cart\"><\/i><span>Dowiedz si\u0119 wi\u0119cej<\/span><\/a><\/div>\n\t\t\t\t<\/div>\n\t\t\t<\/div><\/div>\t\t\n\t  \n\n\t\t\n\t\n\n\t\n<\/li><\/ul>\n<\/div>[\/vc_column_text][divider line_type=&#8221;Full Width Line&#8221; line_thickness=&#8221;2&#8243; divider_color=&#8221;extra-color-1&#8243;][\/vc_column][\/vc_row]\n","protected":false},"excerpt":{"rendered":"<p>[vc_row type=&#8221;in_container&#8221; full_screen_row_position=&#8221;middle&#8221; column_margin=&#8221;default&#8221; column_direction=&#8221;default&#8221; column_direction_tablet=&#8221;default&#8221; column_direction_phone=&#8221;default&#8221; scene_position=&#8221;center&#8221; text_color=&#8221;dark&#8221; text_align=&#8221;left&#8221; row_border_radius=&#8221;none&#8221; row_border_radius_applies=&#8221;bg&#8221; overflow=&#8221;visible&#8221; overlay_strength=&#8221;0.3&#8243; gradient_direction=&#8221;left_to_right&#8221; shape_divider_position=&#8221;bottom&#8221; bg_image_animation=&#8221;none&#8221;][vc_column column_padding=&#8221;no-extra-padding&#8221; column_padding_tablet=&#8221;inherit&#8221; column_padding_phone=&#8221;inherit&#8221; column_padding_position=&#8221;all&#8221; column_element_direction_desktop=&#8221;default&#8221; column_element_spacing=&#8221;default&#8221; desktop_text_alignment=&#8221;default&#8221; tablet_text_alignment=&#8221;default&#8221; phone_text_alignment=&#8221;default&#8221; background_color_opacity=&#8221;1&#8243; background_hover_color_opacity=&#8221;1&#8243; column_backdrop_filter=&#8221;none&#8221; column_shadow=&#8221;none&#8221;&#8230;<\/p>\n","protected":false},"author":19,"featured_media":10490,"comment_status":"closed","ping_status":"open","sticky":false,"template":"","format":"standard","meta":{"_acf_changed":false,"inline_featured_image":false,"footnotes":""},"categories":[177],"tags":[],"class_list":{"0":"post-10489","1":"post","2":"type-post","3":"status-publish","4":"format-standard","5":"has-post-thumbnail","7":"category-praca-w-niemczech"},"acf":[],"_links":{"self":[{"href":"https:\/\/idealstaff.com\/pl\/wp-json\/wp\/v2\/posts\/10489","targetHints":{"allow":["GET"]}}],"collection":[{"href":"https:\/\/idealstaff.com\/pl\/wp-json\/wp\/v2\/posts"}],"about":[{"href":"https:\/\/idealstaff.com\/pl\/wp-json\/wp\/v2\/types\/post"}],"author":[{"embeddable":true,"href":"https:\/\/idealstaff.com\/pl\/wp-json\/wp\/v2\/users\/19"}],"replies":[{"embeddable":true,"href":"https:\/\/idealstaff.com\/pl\/wp-json\/wp\/v2\/comments?post=10489"}],"version-history":[{"count":5,"href":"https:\/\/idealstaff.com\/pl\/wp-json\/wp\/v2\/posts\/10489\/revisions"}],"predecessor-version":[{"id":13139,"href":"https:\/\/idealstaff.com\/pl\/wp-json\/wp\/v2\/posts\/10489\/revisions\/13139"}],"wp:featuredmedia":[{"embeddable":true,"href":"https:\/\/idealstaff.com\/pl\/wp-json\/wp\/v2\/media\/10490"}],"wp:attachment":[{"href":"https:\/\/idealstaff.com\/pl\/wp-json\/wp\/v2\/media?parent=10489"}],"wp:term":[{"taxonomy":"category","embeddable":true,"href":"https:\/\/idealstaff.com\/pl\/wp-json\/wp\/v2\/categories?post=10489"},{"taxonomy":"post_tag","embeddable":true,"href":"https:\/\/idealstaff.com\/pl\/wp-json\/wp\/v2\/tags?post=10489"}],"curies":[{"name":"wp","href":"https:\/\/api.w.org\/{rel}","templated":true}]}}