{"id":10820,"date":"2024-09-20T10:52:38","date_gmt":"2024-09-20T08:52:38","guid":{"rendered":"https:\/\/idealstaff.com\/?p=10820"},"modified":"2025-10-17T10:47:33","modified_gmt":"2025-10-17T08:47:33","slug":"ile-wynosi-okres-wypowiedzenia-w-niemczech","status":"publish","type":"post","link":"https:\/\/idealstaff.com\/pl\/ile-wynosi-okres-wypowiedzenia-w-niemczech\/","title":{"rendered":"Ile wynosi okres wypowiedzenia w Niemczech?"},"content":{"rendered":"[vc_row type=&#8221;in_container&#8221; full_screen_row_position=&#8221;middle&#8221; column_margin=&#8221;default&#8221; column_direction=&#8221;default&#8221; column_direction_tablet=&#8221;default&#8221; column_direction_phone=&#8221;default&#8221; scene_position=&#8221;center&#8221; text_color=&#8221;dark&#8221; text_align=&#8221;left&#8221; row_border_radius=&#8221;none&#8221; row_border_radius_applies=&#8221;bg&#8221; overflow=&#8221;visible&#8221; overlay_strength=&#8221;0.3&#8243; gradient_direction=&#8221;left_to_right&#8221; shape_divider_position=&#8221;bottom&#8221; bg_image_animation=&#8221;none&#8221;][vc_column column_padding=&#8221;no-extra-padding&#8221; column_padding_tablet=&#8221;inherit&#8221; column_padding_phone=&#8221;inherit&#8221; column_padding_position=&#8221;all&#8221; column_element_direction_desktop=&#8221;default&#8221; column_element_spacing=&#8221;default&#8221; desktop_text_alignment=&#8221;default&#8221; tablet_text_alignment=&#8221;default&#8221; phone_text_alignment=&#8221;default&#8221; background_color_opacity=&#8221;1&#8243; background_hover_color_opacity=&#8221;1&#8243; column_backdrop_filter=&#8221;none&#8221; column_shadow=&#8221;none&#8221; column_border_radius=&#8221;none&#8221; column_link_target=&#8221;_self&#8221; column_position=&#8221;default&#8221; gradient_direction=&#8221;left_to_right&#8221; overlay_strength=&#8221;0.3&#8243; width=&#8221;1\/1&#8243; tablet_width_inherit=&#8221;default&#8221; animation_type=&#8221;default&#8221; bg_image_animation=&#8221;none&#8221; border_type=&#8221;simple&#8221; column_border_width=&#8221;none&#8221; column_border_style=&#8221;solid&#8221;][vc_column_text css=&#8221;&#8221; text_direction=&#8221;default&#8221;]Decyzja o zako\u0144czeniu zatrudnienia, zar\u00f3wno przez pracownika, jak i pracodawc\u0119, wi\u0105\u017ce si\u0119 z konieczno\u015bci\u0105 dotrzymania pewnych formalno\u015bci, w tym przede wszystkim okresu wypowiedzenia. Zrozumienie zasad, na jakich opiera si\u0119 wypowiedzenie w Niemczech, jest kluczowe dla wszystkich, kt\u00f3rzy planuj\u0105 podj\u0105\u0107 tam prac\u0119 lub ju\u017c pracuj\u0105 w tym kraju. W tym artykule przybli\u017cymy, jak wygl\u0105da okres wypowiedzenia w Niemczech oraz jakie prawa i obowi\u0105zki wynikaj\u0105 z niemieckiego prawa pracy.<\/p>\n<div id=\"ez-toc-container\" class=\"ez-toc-v2_0_82_2 counter-hierarchy ez-toc-counter ez-toc-grey ez-toc-container-direction\">\n<div class=\"ez-toc-title-container\">\n<p class=\"ez-toc-title\" style=\"cursor:inherit\">Spis tre\u015bci:<\/p>\n<span class=\"ez-toc-title-toggle\"><\/span><\/div>\n<nav><ul class='ez-toc-list ez-toc-list-level-1 ' ><li class='ez-toc-page-1 ez-toc-heading-level-2'><a class=\"ez-toc-link ez-toc-heading-1\" href=\"https:\/\/idealstaff.com\/pl\/ile-wynosi-okres-wypowiedzenia-w-niemczech\/#Okres_wypowiedzenia_w_Niemczech_%E2%80%93_podstawowe_zasady\" >Okres wypowiedzenia w Niemczech \u2013 podstawowe zasady<\/a><\/li><li class='ez-toc-page-1 ez-toc-heading-level-2'><a class=\"ez-toc-link ez-toc-heading-2\" href=\"https:\/\/idealstaff.com\/pl\/ile-wynosi-okres-wypowiedzenia-w-niemczech\/#Wypowiedzenie_w_Niemczech_%E2%80%93_co_warto_wiedziec\" >Wypowiedzenie w Niemczech \u2013 co warto wiedzie\u0107?<\/a><\/li><li class='ez-toc-page-1 ez-toc-heading-level-2'><a class=\"ez-toc-link ez-toc-heading-3\" href=\"https:\/\/idealstaff.com\/pl\/ile-wynosi-okres-wypowiedzenia-w-niemczech\/#Wyjatki_od_standardowych_okresow_wypowiedzenia\" >Wyj\u0105tki od standardowych okres\u00f3w wypowiedzenia<\/a><\/li><li class='ez-toc-page-1 ez-toc-heading-level-2'><a class=\"ez-toc-link ez-toc-heading-4\" href=\"https:\/\/idealstaff.com\/pl\/ile-wynosi-okres-wypowiedzenia-w-niemczech\/#FAQ\" >FAQ<\/a><\/li><\/ul><\/nav><\/div>\n<h2><span class=\"ez-toc-section\" id=\"Okres_wypowiedzenia_w_Niemczech_%E2%80%93_podstawowe_zasady\"><\/span>Okres wypowiedzenia w Niemczech \u2013 podstawowe zasady<span class=\"ez-toc-section-end\"><\/span><\/h2>\n<p>Zgodnie z niemieckim prawem pracy, <strong>okres wypowiedzenia w Niemczech zale\u017cy od wielu czynnik\u00f3w, w tym przede wszystkim od sta\u017cu pracy w danym przedsi\u0119biorstwie<\/strong>. Og\u00f3lne zasady dotycz\u0105ce wypowiedzenia zosta\u0142y uregulowane w Kodeksie Cywilnym (B\u00fcrgerliches Gesetzbuch \u2013 BGB), a dok\u0142adniej w paragrafie 622.<\/p>\n<h3>Jaki jest standardowy okres wypowiedzenia w Niemczech<\/h3>\n<p>Dla pracownik\u00f3w, kt\u00f3rzy <strong>s\u0105 zatrudnieni w firmie kr\u00f3cej ni\u017c dwa lata, standardowy okres wypowiedzenia wynosi cztery tygodnie<\/strong>, liczony od 15. dnia miesi\u0105ca lub od ko\u0144ca miesi\u0105ca. Oznacza to, \u017ce wypowiedzenie mo\u017ce zako\u0144czy\u0107 si\u0119 albo w po\u0142owie miesi\u0105ca, albo na jego ko\u0144cu, w zale\u017cno\u015bci od tego, kiedy zosta\u0142o z\u0142o\u017cone.<\/p>\n<h3>Wyd\u0142u\u017cony okres wypowiedzenia<\/h3>\n<p><strong>W przypadku d\u0142u\u017cszego sta\u017cu pracy okres wypowiedzenia w Niemczech ulega stopniowemu wyd\u0142u\u017ceniu<\/strong>. Dla przyk\u0142adu:<\/p>\n<ul>\n<li>Po 2 latach pracy: 1 miesi\u0105c do ko\u0144ca miesi\u0105ca<\/li>\n<li>Po 5 latach pracy: 2 miesi\u0105ce do ko\u0144ca miesi\u0105ca<\/li>\n<li>Po 8 latach pracy: 3 miesi\u0105ce do ko\u0144ca miesi\u0105ca<\/li>\n<li>Po 10 latach pracy: 4 miesi\u0105ce do ko\u0144ca miesi\u0105ca<\/li>\n<li>Po 12 latach pracy: 5 miesi\u0119cy do ko\u0144ca miesi\u0105ca<\/li>\n<li>Po 15 latach pracy: 6 miesi\u0119cy do ko\u0144ca miesi\u0105ca<\/li>\n<li>Po 20 latach pracy: 7 miesi\u0119cy do ko\u0144ca miesi\u0105ca<\/li>\n<\/ul>\n<p>Warto zaznaczy\u0107, \u017ce te <strong>wyd\u0142u\u017cone okresy wypowiedzenia obowi\u0105zuj\u0105 g\u0142\u00f3wnie pracodawc\u0119<\/strong>. Pracownik mo\u017ce, niezale\u017cnie od sta\u017cu pracy, z\u0142o\u017cy\u0107 wypowiedzenie z zachowaniem standardowego okresu, o ile nie zosta\u0142o to inaczej uregulowane w umowie o prac\u0119.<\/p>\n<h2><span class=\"ez-toc-section\" id=\"Wypowiedzenie_w_Niemczech_%E2%80%93_co_warto_wiedziec\"><\/span>Wypowiedzenie w Niemczech \u2013 co warto wiedzie\u0107?<span class=\"ez-toc-section-end\"><\/span><\/h2>\n<p><strong>W Niemczech obowi\u0105zuje zasada ochrony pracownika przed nieuzasadnionym wypowiedzeniem<\/strong>. Dlatego, aby wypowiedzenie by\u0142o skuteczne, pracodawca musi mie\u0107 uzasadniony pow\u00f3d, kt\u00f3ry mo\u017ce obejmowa\u0107 m.in. redukcj\u0119 etat\u00f3w, powa\u017cne naruszenie obowi\u0105zk\u00f3w przez pracownika czy d\u0142ugotrwa\u0142\u0105 chorob\u0119, kt\u00f3ra uniemo\u017cliwia dalsz\u0105 prac\u0119.<\/p>\n<p>Dodatkowo pracodawca jest zobowi\u0105zany do przestrzegania odpowiednich procedur, w tym do konsultacji z rad\u0105 zak\u0142adow\u0105 (je\u015bli taka istnieje), a tak\u017ce do pisemnego potwierdzenia wypowiedzenia. W przypadku naruszenia tych procedur pracownik ma prawo odwo\u0142a\u0107 si\u0119 do s\u0105du pracy.<\/p>\n<p>Je\u015bli szukasz pracy w Niemczech, mo\u017cesz r\u00f3wnie\u017c zapozna\u0107 si\u0119 z aktualnymi ofertami na stronie <a href=\"https:\/\/pl.jooble.org\/\" target=\"_blank\" rel=\"noopener\">agregatora ofert pracy Jooble<\/a>. Znajdziesz tam szeroki wyb\u00f3r ofert, zar\u00f3wno dla os\u00f3b szukaj\u0105cych pracy na sta\u0142e, jak i tych, kt\u00f3rzy rozwa\u017caj\u0105 tymczasowe zatrudnienie w tym kraju.<\/p>\n<h2><span class=\"ez-toc-section\" id=\"Wyjatki_od_standardowych_okresow_wypowiedzenia\"><\/span>Wyj\u0105tki od standardowych okres\u00f3w wypowiedzenia<span class=\"ez-toc-section-end\"><\/span><\/h2>\n<p>Niemieckie prawo pracy przewiduje r\u00f3wnie\u017c pewne <strong>wyj\u0105tki od standardowych okres\u00f3w wypowiedzenia<\/strong>. Nale\u017c\u0105 do nich:<\/p>\n<ul>\n<li>Umowy na czas okre\u015blony: Je\u015bli umowa zosta\u0142a zawarta na czas okre\u015blony, to w wi\u0119kszo\u015bci przypadk\u00f3w wygasa ona automatycznie po up\u0142ywie okresu, na jaki zosta\u0142a zawarta. Wypowiedzenie przed tym terminem jest mo\u017cliwe tylko wtedy, gdy umowa wyra\u017anie to przewiduje.<\/li>\n<li>Okres pr\u00f3bny: W okresie pr\u00f3bnym, kt\u00f3ry w Niemczech mo\u017ce trwa\u0107 do sze\u015bciu miesi\u0119cy, okres wypowiedzenia wynosi zazwyczaj dwa tygodnie, zar\u00f3wno dla pracownika, jak i pracodawcy.<\/li>\n<li>Porozumienie stron: Pracownik i pracodawca mog\u0105 r\u00f3wnie\u017c w drodze porozumienia ustali\u0107 inny okres wypowiedzenia ni\u017c przewidziany w ustawie, o ile nie jest on kr\u00f3tszy ni\u017c ustawowy minimalny okres.<\/li>\n<\/ul>\n<p><strong>Znajomo\u015b\u0107 zasad dotycz\u0105cych wypowiedzenia w Niemczech jest niezb\u0119dna dla ka\u017cdego, kto pracuje lub zamierza podj\u0105\u0107 prac\u0119 w tym kraju.<\/strong> Okres wypowiedzenia zale\u017cy g\u0142\u00f3wnie od sta\u017cu pracy, ale mo\u017ce by\u0107 r\u00f3wnie\u017c regulowany innymi czynnikami, takimi jak umowa o prac\u0119, przepisy bran\u017cowe czy wewn\u0119trzne regulacje zak\u0142adowe.<\/p>\n<p><strong>Je\u015bli planujesz zako\u0144czy\u0107 zatrudnienie w Niemczech, warto wcze\u015bniej dok\u0142adnie zapozna\u0107 si\u0119 z obowi\u0105zuj\u0105cymi przepisami<\/strong> oraz ewentualnie skonsultowa\u0107 si\u0119 z prawnikiem specjalizuj\u0105cym si\u0119 w prawie pracy. Dzi\u0119ki temu unikniesz niepotrzebnych komplikacji i zabezpieczysz swoje prawa jako pracownik.<\/p>\n<p><a href=\"https:\/\/idealstaff.com\/oferty-pracy\/niemcy\/\">Praca w Niemczech<\/a> to dla wielu os\u00f3b szansa na rozw\u00f3j zawodowy i lepsze zarobki. Zrozumienie zasad, takich jak okres wypowiedzenia w Niemczech, to klucz do pe\u0142nego wykorzystania tych mo\u017cliwo\u015bci oraz unikni\u0119cia nieporozumie\u0144 na linii pracodawca-pracownik.[\/vc_column_text][\/vc_column][\/vc_row]\n<h2><span class=\"ez-toc-section\" id=\"FAQ\"><\/span>FAQ:<span class=\"ez-toc-section-end\"><\/span><\/h2>\n<div class=\"faq-item\">\n<details>\n<summary>Jaki jest standardowy okres wypowiedzenia w Niemczech?<\/summary>\n<div class=\"faq-answer\">\n<div>Dla pracownik\u00f3w zatrudnionych kr\u00f3cej ni\u017c dwa lata, standardowy okres wypowiedzenia wynosi cztery tygodnie, liczony od 15. dnia miesi\u0105ca lub od ko\u0144ca miesi\u0105ca.<\/div>\n<\/div>\n<\/details>\n<\/div>\n<div class=\"faq-item\">\n<details>\n<summary>Czy okres wypowiedzenia zmienia si\u0119 w zale\u017cno\u015bci od d\u0142ugo\u015bci pracy w firmie?<\/summary>\n<div class=\"faq-answer\">\n<div>Tak, okres wypowiedzenia wyd\u0142u\u017ca si\u0119 wraz ze sta\u017cem pracy. Przyk\u0142adowo, po 2 latach pracy wynosi 1 miesi\u0105c, po 5 latach \u2013 2 miesi\u0105ce, a po 20 latach \u2013 7 miesi\u0119cy, zawsze do ko\u0144ca miesi\u0105ca kalendarzowego.<\/div>\n<\/div>\n<\/details>\n<\/div>\n<div class=\"faq-item\">\n<details>\n<summary>Czy wyd\u0142u\u017cone okresy wypowiedzenia obowi\u0105zuj\u0105 r\u00f3wnie\u017c pracownika?<\/summary>\n<div class=\"faq-answer\">\n<div>Nie, wyd\u0142u\u017cone okresy wypowiedzenia, zale\u017cne od sta\u017cu pracy, obowi\u0105zuj\u0105 g\u0142\u00f3wnie pracodawc\u0119. Pracownik, niezale\u017cnie od sta\u017cu, mo\u017ce z\u0142o\u017cy\u0107 wypowiedzenie z zachowaniem standardowego okresu, chyba \u017ce umowa o prac\u0119 stanowi inaczej.<\/div>\n<\/div>\n<\/details>\n<\/div>\n<div class=\"faq-item\">\n<details>\n<summary>Ile wynosi okres wypowiedzenia w trakcie okresu pr\u00f3bnego?<\/summary>\n<div class=\"faq-answer\">\n<div>W okresie pr\u00f3bnym, kt\u00f3ry mo\u017ce trwa\u0107 do sze\u015bciu miesi\u0119cy, okres wypowiedzenia wynosi zazwyczaj dwa tygodnie i dotyczy zar\u00f3wno pracownika, jak i pracodawcy.<\/div>\n<\/div>\n<\/details>\n<\/div>\n<div class=\"faq-item\">\n<details>\n<summary>Czy pracodawca w Niemczech mo\u017ce zwolni\u0107 pracownika bez podania powodu?<\/summary>\n<div class=\"faq-answer\">\n<div>Nie, aby wypowiedzenie by\u0142o skuteczne, pracodawca musi mie\u0107 uzasadniony pow\u00f3d, taki jak redukcja etat\u00f3w, powa\u017cne naruszenie obowi\u0105zk\u00f3w przez pracownika lub d\u0142ugotrwa\u0142a choroba uniemo\u017cliwiaj\u0105ca prac\u0119.<\/div>\n<\/div>\n<\/details>\n<\/div>\n<div class=\"faq-item\">\n<details>\n<summary>Jak wygl\u0105da kwestia wypowiedzenia umowy na czas okre\u015blony?<\/summary>\n<div class=\"faq-answer\">\n<div>Umowa na czas okre\u015blony najcz\u0119\u015bciej wygasa automatycznie po up\u0142ywie okresu, na jaki zosta\u0142a zawarta. Wcze\u015bniejsze wypowiedzenie jest mo\u017cliwe tylko wtedy, gdy umowa wyra\u017anie to przewiduje.<\/div>\n<\/div>\n<\/details>\n<\/div>\n<div class=\"faq-item\">\n<details>\n<summary>Czy mo\u017cna ustali\u0107 z pracodawc\u0105 inny okres wypowiedzenia?<\/summary>\n<div class=\"faq-answer\">\n<div>Tak, pracownik i pracodawca mog\u0105 w drodze porozumienia stron ustali\u0107 inny okres wypowiedzenia, jednak nie mo\u017ce by\u0107 on kr\u00f3tszy ni\u017c minimalny okres przewidziany w ustawie.<\/div>\n<\/div>\n<\/details>\n<\/div>\n","protected":false},"excerpt":{"rendered":"<p>[vc_row type=&#8221;in_container&#8221; full_screen_row_position=&#8221;middle&#8221; column_margin=&#8221;default&#8221; column_direction=&#8221;default&#8221; column_direction_tablet=&#8221;default&#8221; column_direction_phone=&#8221;default&#8221; scene_position=&#8221;center&#8221; text_color=&#8221;dark&#8221; text_align=&#8221;left&#8221; row_border_radius=&#8221;none&#8221; row_border_radius_applies=&#8221;bg&#8221; overflow=&#8221;visible&#8221; overlay_strength=&#8221;0.3&#8243; gradient_direction=&#8221;left_to_right&#8221; shape_divider_position=&#8221;bottom&#8221; bg_image_animation=&#8221;none&#8221;][vc_column column_padding=&#8221;no-extra-padding&#8221; column_padding_tablet=&#8221;inherit&#8221; column_padding_phone=&#8221;inherit&#8221; column_padding_position=&#8221;all&#8221; column_element_direction_desktop=&#8221;default&#8221; column_element_spacing=&#8221;default&#8221; desktop_text_alignment=&#8221;default&#8221; tablet_text_alignment=&#8221;default&#8221; phone_text_alignment=&#8221;default&#8221; background_color_opacity=&#8221;1&#8243; background_hover_color_opacity=&#8221;1&#8243; column_backdrop_filter=&#8221;none&#8221; column_shadow=&#8221;none&#8221;&#8230;<\/p>\n","protected":false},"author":19,"featured_media":10821,"comment_status":"closed","ping_status":"open","sticky":false,"template":"","format":"standard","meta":{"_acf_changed":false,"inline_featured_image":false,"footnotes":""},"categories":[177],"tags":[],"class_list":{"0":"post-10820","1":"post","2":"type-post","3":"status-publish","4":"format-standard","5":"has-post-thumbnail","7":"category-praca-w-niemczech"},"acf":[],"_links":{"self":[{"href":"https:\/\/idealstaff.com\/pl\/wp-json\/wp\/v2\/posts\/10820","targetHints":{"allow":["GET"]}}],"collection":[{"href":"https:\/\/idealstaff.com\/pl\/wp-json\/wp\/v2\/posts"}],"about":[{"href":"https:\/\/idealstaff.com\/pl\/wp-json\/wp\/v2\/types\/post"}],"author":[{"embeddable":true,"href":"https:\/\/idealstaff.com\/pl\/wp-json\/wp\/v2\/users\/19"}],"replies":[{"embeddable":true,"href":"https:\/\/idealstaff.com\/pl\/wp-json\/wp\/v2\/comments?post=10820"}],"version-history":[{"count":12,"href":"https:\/\/idealstaff.com\/pl\/wp-json\/wp\/v2\/posts\/10820\/revisions"}],"predecessor-version":[{"id":14608,"href":"https:\/\/idealstaff.com\/pl\/wp-json\/wp\/v2\/posts\/10820\/revisions\/14608"}],"wp:featuredmedia":[{"embeddable":true,"href":"https:\/\/idealstaff.com\/pl\/wp-json\/wp\/v2\/media\/10821"}],"wp:attachment":[{"href":"https:\/\/idealstaff.com\/pl\/wp-json\/wp\/v2\/media?parent=10820"}],"wp:term":[{"taxonomy":"category","embeddable":true,"href":"https:\/\/idealstaff.com\/pl\/wp-json\/wp\/v2\/categories?post=10820"},{"taxonomy":"post_tag","embeddable":true,"href":"https:\/\/idealstaff.com\/pl\/wp-json\/wp\/v2\/tags?post=10820"}],"curies":[{"name":"wp","href":"https:\/\/api.w.org\/{rel}","templated":true}]}}