{"id":10881,"date":"2024-09-26T10:45:33","date_gmt":"2024-09-26T08:45:33","guid":{"rendered":"https:\/\/idealstaff.com\/?p=10881"},"modified":"2024-12-17T09:18:22","modified_gmt":"2024-12-17T08:18:22","slug":"praca-na-magazynie-w-niemczech-okolice-drezna","status":"publish","type":"post","link":"https:\/\/idealstaff.com\/pl\/praca-na-magazynie-w-niemczech-okolice-drezna\/","title":{"rendered":"Praca na magazynie w Niemczech \u2013 okolice Drezna"},"content":{"rendered":"[vc_row type=&#8221;in_container&#8221; full_screen_row_position=&#8221;middle&#8221; column_margin=&#8221;default&#8221; column_direction=&#8221;default&#8221; column_direction_tablet=&#8221;default&#8221; column_direction_phone=&#8221;default&#8221; scene_position=&#8221;center&#8221; text_color=&#8221;dark&#8221; text_align=&#8221;left&#8221; row_border_radius=&#8221;none&#8221; row_border_radius_applies=&#8221;bg&#8221; overflow=&#8221;visible&#8221; overlay_strength=&#8221;0.3&#8243; gradient_direction=&#8221;left_to_right&#8221; shape_divider_position=&#8221;bottom&#8221; bg_image_animation=&#8221;none&#8221;][vc_column column_padding=&#8221;no-extra-padding&#8221; column_padding_tablet=&#8221;inherit&#8221; column_padding_phone=&#8221;inherit&#8221; column_padding_position=&#8221;all&#8221; column_element_direction_desktop=&#8221;default&#8221; column_element_spacing=&#8221;default&#8221; desktop_text_alignment=&#8221;default&#8221; tablet_text_alignment=&#8221;default&#8221; phone_text_alignment=&#8221;default&#8221; background_color_opacity=&#8221;1&#8243; background_hover_color_opacity=&#8221;1&#8243; column_backdrop_filter=&#8221;none&#8221; column_shadow=&#8221;none&#8221; column_border_radius=&#8221;none&#8221; column_link_target=&#8221;_self&#8221; column_position=&#8221;default&#8221; gradient_direction=&#8221;left_to_right&#8221; overlay_strength=&#8221;0.3&#8243; width=&#8221;1\/1&#8243; tablet_width_inherit=&#8221;default&#8221; animation_type=&#8221;default&#8221; bg_image_animation=&#8221;none&#8221; border_type=&#8221;simple&#8221; column_border_width=&#8221;none&#8221; column_border_style=&#8221;solid&#8221;][vc_column_text css=&#8221;&#8221; text_direction=&#8221;default&#8221;]Chcesz pracowa\u0107 w Niemczech i czerpa\u0107 korzy\u015bci z atrakcyjnych warunk\u00f3w zatrudnienia? <strong>Mamy dla Ciebie \u015bwietne oferty pracy w magazynach w okolicach Drezna<\/strong>. Do\u0142\u0105cz do naszego zespo\u0142u i skorzystaj z wielu zalet, jakie niesie praca w firmach takich jak GLS i DPD!<\/p>\n<div id=\"ez-toc-container\" class=\"ez-toc-v2_0_82_2 counter-hierarchy ez-toc-counter ez-toc-grey ez-toc-container-direction\">\n<div class=\"ez-toc-title-container\">\n<p class=\"ez-toc-title\" style=\"cursor:inherit\">Spis tre\u015bci:<\/p>\n<span class=\"ez-toc-title-toggle\"><\/span><\/div>\n<nav><ul class='ez-toc-list ez-toc-list-level-1 ' ><li class='ez-toc-page-1 ez-toc-heading-level-2'><a class=\"ez-toc-link ez-toc-heading-1\" href=\"https:\/\/idealstaff.com\/pl\/praca-na-magazynie-w-niemczech-okolice-drezna\/#Dlaczego_warto_wybrac_oferte_pracy_w_Dreznie_i_okolicach\" >Dlaczego warto wybra\u0107 ofert\u0119 pracy w Dre\u017anie i okolicach?<\/a><\/li><li class='ez-toc-page-1 ez-toc-heading-level-2'><a class=\"ez-toc-link ez-toc-heading-2\" href=\"https:\/\/idealstaff.com\/pl\/praca-na-magazynie-w-niemczech-okolice-drezna\/#Szczegoly_oferty_pracy_w_okolicach_Drezna\" >Szczeg\u00f3\u0142y oferty pracy w okolicach Drezna<\/a><\/li><li class='ez-toc-page-1 ez-toc-heading-level-2'><a class=\"ez-toc-link ez-toc-heading-3\" href=\"https:\/\/idealstaff.com\/pl\/praca-na-magazynie-w-niemczech-okolice-drezna\/#Drezno_%E2%80%93_miasto_warte_odkrycia\" >Drezno \u2013 miasto warte odkrycia<\/a><\/li><\/ul><\/nav><\/div>\n<h2><span class=\"ez-toc-section\" id=\"Dlaczego_warto_wybrac_oferte_pracy_w_Dreznie_i_okolicach\"><\/span>Dlaczego warto wybra\u0107 ofert\u0119 pracy w Dre\u017anie i okolicach?<span class=\"ez-toc-section-end\"><\/span><\/h2>\n<ul>\n<li><strong>Atrakcyjne wynagrodzenie:<\/strong> od 2 200 do 2 700 euro brutto miesi\u0119cznie<\/li>\n<li><strong>Zorganizowane zakwaterowanie:<\/strong> wygodne warunki mieszkaniowe zapewnione przez pracodawc\u0119<\/li>\n<li><strong>Ca\u0142odobowe wsparcie:<\/strong> opieka koordynatora, kt\u00f3ry pomo\u017ce Ci w ka\u017cdej sytuacji<\/li>\n<li><strong>Stabilne zatrudnienie:<\/strong> d\u0142ugoterminowa wsp\u00f3\u0142praca dla os\u00f3b zaanga\u017cowanych i rzetelnych<\/li>\n<li><strong>Polski zesp\u00f3\u0142:<\/strong> praca w przyjaznym \u015brodowisku z rodakami pod opiek\u0105 polskiego brygadzisty<\/li>\n<li><strong>Ubezpieczenie:<\/strong> pe\u0142ne ubezpieczenie oraz dost\u0119p do opieki medycznej<\/li>\n<\/ul>\n<h2><span class=\"ez-toc-section\" id=\"Szczegoly_oferty_pracy_w_okolicach_Drezna\"><\/span>Szczeg\u00f3\u0142y oferty pracy w okolicach Drezna<span class=\"ez-toc-section-end\"><\/span><\/h2>\n<p><strong>Stanowisko:<\/strong> Pracownik magazynu<\/p>\n<p><strong>Zadania:<\/strong><\/p>\n<ul>\n<li>Roz\u0142adunek i za\u0142adunek r\u0119czny przesy\u0142ek kurierskich i zwrot\u00f3w<\/li>\n<li>Praca na zmianach dziennych lub dzienno-nocnych<\/li>\n<\/ul>\n<p><strong>Wynagrodzenie:<\/strong><\/p>\n<ul>\n<li>GLS: od 2 200 do 2 400 euro brutto miesi\u0119cznie (stawka godzinowa: dzienna 1 400 euro, nocna 1 750 euro)<\/li>\n<li>DPD: od 2 450 do 2 700 euro brutto miesi\u0119cznie<\/li>\n<\/ul>\n<p><strong>Wymagania:<\/strong><\/p>\n<ul>\n<li>Prawo jazdy kat. B (mile widziane)<\/li>\n<li>Min. 6 miesi\u0119cy do\u015bwiadczenia na podobnym stanowisku<\/li>\n<li>Wysoka sprawno\u015b\u0107 fizyczna<\/li>\n<li>Gotowo\u015b\u0107 do pracy na minimum 3 miesi\u0105ce<\/li>\n<\/ul>\n[\/vc_column_text][vc_row_inner equal_height=&#8221;yes&#8221; content_placement=&#8221;middle&#8221; column_margin=&#8221;default&#8221; column_direction=&#8221;default&#8221; column_direction_tablet=&#8221;default&#8221; column_direction_phone=&#8221;default&#8221; text_align=&#8221;left&#8221; row_position=&#8221;default&#8221; row_position_tablet=&#8221;inherit&#8221; row_position_phone=&#8221;inherit&#8221; overflow=&#8221;visible&#8221; pointer_events=&#8221;all&#8221; class=&#8221;poznaj_stanowiska_opis_sekcja_przycisk&#8221;][vc_column_inner column_padding=&#8221;no-extra-padding&#8221; column_padding_tablet=&#8221;inherit&#8221; column_padding_phone=&#8221;inherit&#8221; column_padding_position=&#8221;all&#8221; column_element_direction_desktop=&#8221;default&#8221; column_element_spacing=&#8221;default&#8221; desktop_text_alignment=&#8221;default&#8221; tablet_text_alignment=&#8221;default&#8221; phone_text_alignment=&#8221;default&#8221; background_color_opacity=&#8221;1&#8243; background_hover_color_opacity=&#8221;1&#8243; column_backdrop_filter=&#8221;none&#8221; column_shadow=&#8221;none&#8221; column_border_radius=&#8221;none&#8221; column_link_target=&#8221;_self&#8221; overflow=&#8221;visible&#8221; gradient_direction=&#8221;left_to_right&#8221; overlay_strength=&#8221;0.3&#8243; width=&#8221;1\/2&#8243; tablet_width_inherit=&#8221;default&#8221; animation_type=&#8221;default&#8221; bg_image_animation=&#8221;none&#8221; border_type=&#8221;simple&#8221; column_border_width=&#8221;none&#8221; column_border_style=&#8221;solid&#8221;][vc_custom_heading text=&#8221;Szukasz pracy jako<br \/>\nw okolicach Drezna?&#8221; font_container=&#8221;tag:p|text_align:left&#8221; use_theme_fonts=&#8221;yes&#8221; css=&#8221;&#8221;][\/vc_column_inner][vc_column_inner column_padding=&#8221;no-extra-padding&#8221; column_padding_tablet=&#8221;inherit&#8221; column_padding_phone=&#8221;inherit&#8221; column_padding_position=&#8221;all&#8221; column_element_direction_desktop=&#8221;default&#8221; column_element_spacing=&#8221;default&#8221; centered_text=&#8221;true&#8221; desktop_text_alignment=&#8221;default&#8221; tablet_text_alignment=&#8221;default&#8221; phone_text_alignment=&#8221;default&#8221; background_color_opacity=&#8221;1&#8243; background_hover_color_opacity=&#8221;1&#8243; column_backdrop_filter=&#8221;none&#8221; column_shadow=&#8221;none&#8221; column_border_radius=&#8221;none&#8221; column_link_target=&#8221;_self&#8221; overflow=&#8221;visible&#8221; advanced_gradient_angle=&#8221;0&#8243; gradient_direction=&#8221;left_to_right&#8221; overlay_strength=&#8221;0.3&#8243; width=&#8221;1\/2&#8243; tablet_width_inherit=&#8221;default&#8221; animation_type=&#8221;default&#8221; bg_image_animation=&#8221;none&#8221; border_type=&#8221;simple&#8221; column_border_width=&#8221;none&#8221; column_border_style=&#8221;solid&#8221; gradient_type=&#8221;default&#8221;][nectar_btn size=&#8221;small&#8221; button_style=&#8221;see-through-2&#8243; color_override=&#8221;#ffffff&#8221; hover_text_color_override=&#8221;#ffffff&#8221; icon_family=&#8221;none&#8221; text=&#8221;Zobacz nasze oferty&#8221; url=&#8221;https:\/\/idealstaff.com\/oferty-pracy\/niemcy\/?swoof=1&amp;pa_obszar-pracy=okolice-drezno&amp;paged=1&amp;really_curr_tax=56-product_cat&#8221;][\/vc_column_inner][\/vc_row_inner][vc_column_text css=&#8221;&#8221; text_direction=&#8221;default&#8221;]\n<h2><span class=\"ez-toc-section\" id=\"Drezno_%E2%80%93_miasto_warte_odkrycia\"><\/span>Drezno \u2013 miasto warte odkrycia<span class=\"ez-toc-section-end\"><\/span><\/h2>\n<p><strong>Poza prac\u0105 w magazynie, okolice Drezna oferuj\u0105 wiele atrakcji, kt\u00f3re warto pozna\u0107 w czasie wolnym<\/strong>. Drezno, stolica Saksonii, nazywane jest \u201eFlorencj\u0105 nad \u0141ab\u0105\u201d ze wzgl\u0119du na swoje wyj\u0105tkowe zabytki i pi\u0119kno architektury. Warto zwiedzi\u0107:<\/p>\n<ul>\n<li><strong>Pa\u0142ac Zwinger:<\/strong> barokowy kompleks pa\u0142acowy, kt\u00f3ry jest jednym z najwa\u017cniejszych zabytk\u00f3w Europy.<\/li>\n<li><strong>Frauenkirche:<\/strong> majestatyczny ko\u015bci\u00f3\u0142, kt\u00f3ry po zniszczeniach wojennych zosta\u0142 starannie odbudowany i dzi\u015b symbolizuje odrodzenie miasta.<\/li>\n<li><strong>Opera Sempera:<\/strong> jeden z najs\u0142ynniejszych gmach\u00f3w operowych w Niemczech, gdzie odbywaj\u0105 si\u0119 \u015bwiatowej klasy wyst\u0119py.<\/li>\n<li><strong>Galeria Starych Mistrz\u00f3w:<\/strong> miejsce, gdzie podziwia\u0107 mo\u017cna dzie\u0142a artyst\u00f3w takich jak Rafael, Rembrandt czy Vermeer.<\/li>\n<\/ul>\n<p>W okolicach Drezna znajduj\u0105 si\u0119 r\u00f3wnie\u017c przepi\u0119kne tereny przyrodnicze, takie jak <strong>Sakso\u0144ska Szwajcaria<\/strong>, kt\u00f3ra przyci\u0105ga mi\u0142o\u015bnik\u00f3w pieszych wycieczek i wspinaczki.<\/p>\n<p>Do\u0142\u0105cz do naszego zespo\u0142u i korzystaj z mo\u017cliwo\u015bci, jakie oferuje praca w Niemczech w jednym z najpi\u0119kniejszych region\u00f3w Saksonii![\/vc_column_text][\/vc_column][\/vc_row]\n","protected":false},"excerpt":{"rendered":"<p>[vc_row type=&#8221;in_container&#8221; full_screen_row_position=&#8221;middle&#8221; column_margin=&#8221;default&#8221; column_direction=&#8221;default&#8221; column_direction_tablet=&#8221;default&#8221; column_direction_phone=&#8221;default&#8221; scene_position=&#8221;center&#8221; text_color=&#8221;dark&#8221; text_align=&#8221;left&#8221; row_border_radius=&#8221;none&#8221; row_border_radius_applies=&#8221;bg&#8221; overflow=&#8221;visible&#8221; overlay_strength=&#8221;0.3&#8243; gradient_direction=&#8221;left_to_right&#8221; shape_divider_position=&#8221;bottom&#8221; bg_image_animation=&#8221;none&#8221;][vc_column column_padding=&#8221;no-extra-padding&#8221; column_padding_tablet=&#8221;inherit&#8221; column_padding_phone=&#8221;inherit&#8221; column_padding_position=&#8221;all&#8221; column_element_direction_desktop=&#8221;default&#8221; column_element_spacing=&#8221;default&#8221; desktop_text_alignment=&#8221;default&#8221; tablet_text_alignment=&#8221;default&#8221; phone_text_alignment=&#8221;default&#8221; background_color_opacity=&#8221;1&#8243; background_hover_color_opacity=&#8221;1&#8243; column_backdrop_filter=&#8221;none&#8221; column_shadow=&#8221;none&#8221;&#8230;<\/p>\n","protected":false},"author":19,"featured_media":10882,"comment_status":"closed","ping_status":"open","sticky":false,"template":"","format":"standard","meta":{"_acf_changed":false,"inline_featured_image":false,"footnotes":""},"categories":[177],"tags":[],"class_list":{"0":"post-10881","1":"post","2":"type-post","3":"status-publish","4":"format-standard","5":"has-post-thumbnail","7":"category-praca-w-niemczech"},"acf":[],"_links":{"self":[{"href":"https:\/\/idealstaff.com\/pl\/wp-json\/wp\/v2\/posts\/10881","targetHints":{"allow":["GET"]}}],"collection":[{"href":"https:\/\/idealstaff.com\/pl\/wp-json\/wp\/v2\/posts"}],"about":[{"href":"https:\/\/idealstaff.com\/pl\/wp-json\/wp\/v2\/types\/post"}],"author":[{"embeddable":true,"href":"https:\/\/idealstaff.com\/pl\/wp-json\/wp\/v2\/users\/19"}],"replies":[{"embeddable":true,"href":"https:\/\/idealstaff.com\/pl\/wp-json\/wp\/v2\/comments?post=10881"}],"version-history":[{"count":4,"href":"https:\/\/idealstaff.com\/pl\/wp-json\/wp\/v2\/posts\/10881\/revisions"}],"predecessor-version":[{"id":11452,"href":"https:\/\/idealstaff.com\/pl\/wp-json\/wp\/v2\/posts\/10881\/revisions\/11452"}],"wp:featuredmedia":[{"embeddable":true,"href":"https:\/\/idealstaff.com\/pl\/wp-json\/wp\/v2\/media\/10882"}],"wp:attachment":[{"href":"https:\/\/idealstaff.com\/pl\/wp-json\/wp\/v2\/media?parent=10881"}],"wp:term":[{"taxonomy":"category","embeddable":true,"href":"https:\/\/idealstaff.com\/pl\/wp-json\/wp\/v2\/categories?post=10881"},{"taxonomy":"post_tag","embeddable":true,"href":"https:\/\/idealstaff.com\/pl\/wp-json\/wp\/v2\/tags?post=10881"}],"curies":[{"name":"wp","href":"https:\/\/api.w.org\/{rel}","templated":true}]}}