{"id":11033,"date":"2024-11-07T22:24:37","date_gmt":"2024-11-07T21:24:37","guid":{"rendered":"https:\/\/idealstaff.com\/?p=11033"},"modified":"2024-11-27T12:10:29","modified_gmt":"2024-11-27T11:10:29","slug":"praca-na-magazynie-w-okolicach-erfurtu-twoja-szansa-na-rozwoj-zawodowy-w-niemczech","status":"publish","type":"post","link":"https:\/\/idealstaff.com\/pl\/praca-na-magazynie-w-okolicach-erfurtu-twoja-szansa-na-rozwoj-zawodowy-w-niemczech\/","title":{"rendered":"Praca na magazynie w okolicach Erfurtu &#8211; Twoja szansa na rozw\u00f3j zawodowy w Niemczech"},"content":{"rendered":"[vc_row type=&#8221;in_container&#8221; full_screen_row_position=&#8221;middle&#8221; column_margin=&#8221;default&#8221; column_direction=&#8221;default&#8221; column_direction_tablet=&#8221;default&#8221; column_direction_phone=&#8221;default&#8221; scene_position=&#8221;center&#8221; text_color=&#8221;dark&#8221; text_align=&#8221;left&#8221; row_border_radius=&#8221;none&#8221; row_border_radius_applies=&#8221;bg&#8221; overflow=&#8221;visible&#8221; overlay_strength=&#8221;0.3&#8243; gradient_direction=&#8221;left_to_right&#8221; shape_divider_position=&#8221;bottom&#8221; bg_image_animation=&#8221;none&#8221;][vc_column column_padding=&#8221;no-extra-padding&#8221; column_padding_tablet=&#8221;inherit&#8221; column_padding_phone=&#8221;inherit&#8221; column_padding_position=&#8221;all&#8221; column_element_direction_desktop=&#8221;default&#8221; column_element_spacing=&#8221;default&#8221; desktop_text_alignment=&#8221;default&#8221; tablet_text_alignment=&#8221;default&#8221; phone_text_alignment=&#8221;default&#8221; background_color_opacity=&#8221;1&#8243; background_hover_color_opacity=&#8221;1&#8243; column_backdrop_filter=&#8221;none&#8221; column_shadow=&#8221;none&#8221; column_border_radius=&#8221;none&#8221; column_link_target=&#8221;_self&#8221; column_position=&#8221;default&#8221; gradient_direction=&#8221;left_to_right&#8221; overlay_strength=&#8221;0.3&#8243; width=&#8221;1\/1&#8243; tablet_width_inherit=&#8221;default&#8221; animation_type=&#8221;default&#8221; bg_image_animation=&#8221;none&#8221; border_type=&#8221;simple&#8221; column_border_width=&#8221;none&#8221; column_border_style=&#8221;solid&#8221;][vc_column_text css=&#8221;&#8221; text_direction=&#8221;default&#8221;]Chcesz rozpocz\u0105\u0107 now\u0105 przygod\u0119 zawodow\u0105 w stabilnym \u015brodowisku pracy w Niemczech? Poszukujesz zatrudnienia, kt\u00f3re zapewni Ci rozw\u00f3j, dobre warunki pracy oraz atrakcyjne wynagrodzenie? Mamy dla Ciebie ofert\u0119 pracy na magazynie zlokalizowanym w malowniczych okolicach Erfurtu. Dowiedz si\u0119 wi\u0119cej, dlaczego warto do\u0142\u0105czy\u0107 do naszego zespo\u0142u.<\/p>\n<div id=\"ez-toc-container\" class=\"ez-toc-v2_0_82_2 counter-hierarchy ez-toc-counter ez-toc-grey ez-toc-container-direction\">\n<div class=\"ez-toc-title-container\">\n<p class=\"ez-toc-title\" style=\"cursor:inherit\">Spis tre\u015bci:<\/p>\n<span class=\"ez-toc-title-toggle\"><\/span><\/div>\n<nav><ul class='ez-toc-list ez-toc-list-level-1 ' ><li class='ez-toc-page-1 ez-toc-heading-level-2'><a class=\"ez-toc-link ez-toc-heading-1\" href=\"https:\/\/idealstaff.com\/pl\/praca-na-magazynie-w-okolicach-erfurtu-twoja-szansa-na-rozwoj-zawodowy-w-niemczech\/#Glowne_obowiazki_%E2%80%93_praca_w_sercu_logistyki\" >G\u0142\u00f3wne obowi\u0105zki &#8211; praca w sercu logistyki<\/a><\/li><li class='ez-toc-page-1 ez-toc-heading-level-2'><a class=\"ez-toc-link ez-toc-heading-2\" href=\"https:\/\/idealstaff.com\/pl\/praca-na-magazynie-w-okolicach-erfurtu-twoja-szansa-na-rozwoj-zawodowy-w-niemczech\/#Korzysci_z_pracy_w_magazynie_w_okolicach_Erfurtu\" >Korzy\u015bci z pracy w magazynie w okolicach Erfurtu<\/a><\/li><li class='ez-toc-page-1 ez-toc-heading-level-2'><a class=\"ez-toc-link ez-toc-heading-3\" href=\"https:\/\/idealstaff.com\/pl\/praca-na-magazynie-w-okolicach-erfurtu-twoja-szansa-na-rozwoj-zawodowy-w-niemczech\/#Erfurt_%E2%80%93_idealne_miejsce_do_pracy_i_zycia\" >Erfurt &#8211; idealne miejsce do pracy i \u017cycia<\/a><\/li><li class='ez-toc-page-1 ez-toc-heading-level-2'><a class=\"ez-toc-link ez-toc-heading-4\" href=\"https:\/\/idealstaff.com\/pl\/praca-na-magazynie-w-okolicach-erfurtu-twoja-szansa-na-rozwoj-zawodowy-w-niemczech\/#Jak_aplikowac\" >Jak aplikowa\u0107?<\/a><\/li><\/ul><\/nav><\/div>\n<h2><span class=\"ez-toc-section\" id=\"Glowne_obowiazki_%E2%80%93_praca_w_sercu_logistyki\"><\/span>G\u0142\u00f3wne obowi\u0105zki &#8211; praca w sercu logistyki<span class=\"ez-toc-section-end\"><\/span><\/h2>\n<p>Praca na magazynie w okolicach Erfurtu pozwoli Ci odegra\u0107 kluczow\u0105 rol\u0119 w procesie logistycznym magazynu. Do Twoich g\u0142\u00f3wnych zada\u0144 nale\u017ce\u0107 b\u0119d\u0105:<\/p>\n<ul>\n<li>Roz\u0142adunek i za\u0142adunek paczek oraz przesy\u0142ek kurierskich z zachowaniem odpowiednich norm bezpiecze\u0144stwa.<\/li>\n<li>Sortowanie towar\u00f3w oraz ich przygotowywanie do dalszej wysy\u0142ki, w tym dok\u0142adna kontrola zgodno\u015bci zam\u00f3wie\u0144.<\/li>\n<li>Prace zwi\u0105zane z utrzymaniem porz\u0105dku na stanowisku pracy, co jest kluczowe dla sprawnego funkcjonowania magazynu.<\/li>\n<li>Dbanie o prawid\u0142owe sk\u0142adowanie towar\u00f3w zgodnie z wytycznymi i procedurami firmy.<\/li>\n<\/ul>\n<p>Od kandydat\u00f3w oczekujemy sprawno\u015bci fizycznej, zaanga\u017cowania oraz umiej\u0119tno\u015bci pracy w zespole. Mile widziane jest r\u00f3wnie\u017c wcze\u015bniejsze do\u015bwiadczenie na podobnym stanowisku, cho\u0107 oferujemy szkolenia wprowadzaj\u0105ce, kt\u00f3re pomog\u0105 nowym pracownikom szybko odnale\u017a\u0107 si\u0119 w nowym \u015brodowisku pracy.<\/p>\n<h2><span class=\"ez-toc-section\" id=\"Korzysci_z_pracy_w_magazynie_w_okolicach_Erfurtu\"><\/span>Korzy\u015bci z pracy w magazynie w okolicach Erfurtu<span class=\"ez-toc-section-end\"><\/span><\/h2>\n<p>Praca na magazynie w okolicach Erfurtu to nie tylko wyzwanie zawodowe, ale tak\u017ce szereg benefit\u00f3w, kt\u00f3re pozytywnie wp\u0142yn\u0105 na Twoje codzienne \u017cycie i komfort pracy. Oto, co mo\u017cemy Ci zaoferowa\u0107:<\/p>\n<ul>\n<li>\u00b7 Atrakcyjne wynagrodzenie: Pracownicy mog\u0105 liczy\u0107 na miesi\u0119czne zarobki w wysoko\u015bci od 2 200 do 2 400 euro brutto. Dodatkowo, istnieje mo\u017cliwo\u015b\u0107 uzyskania premii w zale\u017cno\u015bci od indywidualnych wynik\u00f3w pracy, co stanowi dodatkow\u0105 motywacj\u0119 do zaanga\u017cowania.<\/li>\n<li>System zmianowy: Praca odbywa si\u0119 w systemie zmianowym, co pozwala na elastyczne planowanie wolnego czasu i dostosowanie grafiku do indywidualnych potrzeb pracownika.<\/li>\n<li>Zakwaterowanie i wsparcie: Zapewniamy komfortowe zakwaterowanie w w pe\u0142ni wyposa\u017conych pensjonatach, najcz\u0119\u015bciej w pokojach 2-osobowych. Ponadto, ka\u017cdy pracownik mo\u017ce liczy\u0107 na ca\u0142odobowe wsparcie polskoj\u0119zycznego koordynatora, kt\u00f3ry pomo\u017ce w kwestiach organizacyjnych i adaptacyjnych.<\/li>\n<li>Opieka medyczna: Oferujemy pe\u0142ne ubezpieczenie oraz dost\u0119p do profesjonalnej opieki medycznej w ramach Luxmed, dzi\u0119ki czemu mo\u017cesz czu\u0107 si\u0119 bezpiecznie i komfortowo podczas swojego pobytu w Niemczech.<\/li>\n<li>Mo\u017cliwo\u015bci rozwoju zawodowego: Dla os\u00f3b ambitnych i ch\u0119tnych do dalszego rozwoju istnieje mo\u017cliwo\u015b\u0107 awansu na stanowiska lidera, brygadzisty lub innych r\u00f3l kierowniczych. Stawiamy na rozw\u00f3j naszych pracownik\u00f3w!<\/li>\n<\/ul>\n<h2><span class=\"ez-toc-section\" id=\"Erfurt_%E2%80%93_idealne_miejsce_do_pracy_i_zycia\"><\/span>Erfurt &#8211; idealne miejsce do pracy i \u017cycia<span class=\"ez-toc-section-end\"><\/span><\/h2>\n<p>Praca w okolicach Erfurtu to nie tylko korzy\u015bci zawodowe, ale tak\u017ce mo\u017cliwo\u015b\u0107 poznania pi\u0119knego regionu Niemiec. Erfurt, stolica Turyngii, zachwyca swoim historycznym centrum, zabytkowymi budowlami i malowniczymi uliczkami. Miasto oferuje bogat\u0105 ofert\u0119 kulturaln\u0105 oraz doskona\u0142e po\u0142\u0105czenia komunikacyjne z innymi regionami Niemiec, co czyni go \u015bwietnym miejscem do \u017cycia i odkrywania nowych miejsc.<\/p>\n<p>Okolice Erfurtu to tak\u017ce liczne tereny zielone, idealne na spacery i relaks po pracy. Dla mi\u0142o\u015bnik\u00f3w historii i architektury miasto przygotowa\u0142o wiele atrakcji, takich jak znane na ca\u0142ym \u015bwiecie katedra Mariacka czy urokliwy Most Kramarski. Erfurt jest r\u00f3wnie\u017c wa\u017cnym centrum logistycznym, co czyni prac\u0119 w tym miejscu jeszcze bardziej atrakcyjn\u0105.<\/p>\n<h2><span class=\"ez-toc-section\" id=\"Jak_aplikowac\"><\/span>Jak aplikowa\u0107?<span class=\"ez-toc-section-end\"><\/span><\/h2>\n<p>Je\u015bli zainteresowa\u0142a Ci\u0119 nasza oferta pracy na magazynie w okolicach Erfurtu, nie czekaj! To szansa, aby do\u0142\u0105czy\u0107 do zespo\u0142u i zdoby\u0107 cenne do\u015bwiadczenie zawodowe. Wejd\u017a na nasz\u0105 stron\u0119 internetow\u0105 i <a href=\"https:\/\/idealstaff.com\/oferty-pracy\/niemcy\/?swoof=1&amp;pa_obszar-pracy=okolice-erfurt&amp;paged=1&amp;really_curr_tax=56-product_cat\">sprawd\u017a oferty pracy w okolicach Erfurtu<\/a>, wybierz ofert\u0119 dla siebie i wype\u0142nij formularz zg\u0142oszeniowy. Nasz zesp\u00f3\u0142 skontaktuje si\u0119 z Tob\u0105 i przeprowadzi przez proces rekrutacji.<\/p>\n<p>Nie zwlekaj \u2013 rozpocznij swoj\u0105 now\u0105 przygod\u0119 zawodow\u0105 ju\u017c dzi\u015b!<\/p>\n<p>Zobacz, jak wygl\u0105da <a href=\"https:\/\/idealstaff.com\/proces-rekrutacji\/\">proces rekrutacji<\/a>[\/vc_column_text][\/vc_column][\/vc_row]\n","protected":false},"excerpt":{"rendered":"<p>[vc_row type=&#8221;in_container&#8221; full_screen_row_position=&#8221;middle&#8221; column_margin=&#8221;default&#8221; column_direction=&#8221;default&#8221; column_direction_tablet=&#8221;default&#8221; column_direction_phone=&#8221;default&#8221; scene_position=&#8221;center&#8221; text_color=&#8221;dark&#8221; text_align=&#8221;left&#8221; row_border_radius=&#8221;none&#8221; row_border_radius_applies=&#8221;bg&#8221; overflow=&#8221;visible&#8221; overlay_strength=&#8221;0.3&#8243; gradient_direction=&#8221;left_to_right&#8221; shape_divider_position=&#8221;bottom&#8221; bg_image_animation=&#8221;none&#8221;][vc_column column_padding=&#8221;no-extra-padding&#8221; column_padding_tablet=&#8221;inherit&#8221; column_padding_phone=&#8221;inherit&#8221; column_padding_position=&#8221;all&#8221; column_element_direction_desktop=&#8221;default&#8221; column_element_spacing=&#8221;default&#8221; desktop_text_alignment=&#8221;default&#8221; tablet_text_alignment=&#8221;default&#8221; phone_text_alignment=&#8221;default&#8221; background_color_opacity=&#8221;1&#8243; background_hover_color_opacity=&#8221;1&#8243; column_backdrop_filter=&#8221;none&#8221; column_shadow=&#8221;none&#8221;&#8230;<\/p>\n","protected":false},"author":19,"featured_media":11038,"comment_status":"closed","ping_status":"open","sticky":false,"template":"","format":"standard","meta":{"_acf_changed":false,"inline_featured_image":false,"footnotes":""},"categories":[177],"tags":[],"class_list":{"0":"post-11033","1":"post","2":"type-post","3":"status-publish","4":"format-standard","5":"has-post-thumbnail","7":"category-praca-w-niemczech"},"acf":[],"_links":{"self":[{"href":"https:\/\/idealstaff.com\/pl\/wp-json\/wp\/v2\/posts\/11033","targetHints":{"allow":["GET"]}}],"collection":[{"href":"https:\/\/idealstaff.com\/pl\/wp-json\/wp\/v2\/posts"}],"about":[{"href":"https:\/\/idealstaff.com\/pl\/wp-json\/wp\/v2\/types\/post"}],"author":[{"embeddable":true,"href":"https:\/\/idealstaff.com\/pl\/wp-json\/wp\/v2\/users\/19"}],"replies":[{"embeddable":true,"href":"https:\/\/idealstaff.com\/pl\/wp-json\/wp\/v2\/comments?post=11033"}],"version-history":[{"count":3,"href":"https:\/\/idealstaff.com\/pl\/wp-json\/wp\/v2\/posts\/11033\/revisions"}],"predecessor-version":[{"id":11044,"href":"https:\/\/idealstaff.com\/pl\/wp-json\/wp\/v2\/posts\/11033\/revisions\/11044"}],"wp:featuredmedia":[{"embeddable":true,"href":"https:\/\/idealstaff.com\/pl\/wp-json\/wp\/v2\/media\/11038"}],"wp:attachment":[{"href":"https:\/\/idealstaff.com\/pl\/wp-json\/wp\/v2\/media?parent=11033"}],"wp:term":[{"taxonomy":"category","embeddable":true,"href":"https:\/\/idealstaff.com\/pl\/wp-json\/wp\/v2\/categories?post=11033"},{"taxonomy":"post_tag","embeddable":true,"href":"https:\/\/idealstaff.com\/pl\/wp-json\/wp\/v2\/tags?post=11033"}],"curies":[{"name":"wp","href":"https:\/\/api.w.org\/{rel}","templated":true}]}}