{"id":13109,"date":"2025-06-06T13:41:28","date_gmt":"2025-06-06T11:41:28","guid":{"rendered":"https:\/\/idealstaff.com\/?p=13109"},"modified":"2025-07-10T10:57:48","modified_gmt":"2025-07-10T08:57:48","slug":"dni-wolne-w-niemczech-w-2025-roku-co-warto-wiedziec","status":"publish","type":"post","link":"https:\/\/idealstaff.com\/pl\/dni-wolne-w-niemczech-w-2025-roku-co-warto-wiedziec\/","title":{"rendered":"Dni wolne w Niemczech w 2025 roku &#8211; co warto wiedzie\u0107?"},"content":{"rendered":"<p><span style=\"font-weight: 400;\">Je\u015bli jeste\u015b zatrudniony w Niemczech, planowanie pracy i odpoczynku z wyprzedzeniem to spos\u00f3b na unikni\u0119cie stresu, a tak\u017ce okazja do maksymalnego wykorzystania przys\u0142uguj\u0105cych Ci dni wolnych. <strong>Wiedza o tym, kiedy mo\u017cesz odpocz\u0105\u0107, przyda Ci si\u0119 bardziej, ni\u017c my\u015blisz<\/strong>.\u00a0 Nie wszystkie dni ustawowo wolne obowi\u0105zuj\u0105 w ca\u0142ym kraju. Ka\u017cdy land ma w\u0142asne \u015bwi\u0119ta lokalne, kt\u00f3re mog\u0105 zaskoczy\u0107, je\u015bli nie jeste\u015b ich \u015bwiadomy. To w\u0142a\u015bnie dlatego warto mie\u0107 pod r\u0119k\u0105 komplet informacji \u2013 \u017ceby nie przegapi\u0107 okazji na d\u0142ugi weekend lub rozs\u0105dnie zaplanowa\u0107 podr\u00f3\u017c do Polski. <\/span><b>Jakie s\u0105 dni wolne od pracy w Niemczech w 2025 roku?<\/b><span style=\"font-weight: 400;\"> Czytaj dalej!<\/span><\/p>\n<div id=\"ez-toc-container\" class=\"ez-toc-v2_0_82_2 counter-hierarchy ez-toc-counter ez-toc-grey ez-toc-container-direction\">\n<div class=\"ez-toc-title-container\">\n<p class=\"ez-toc-title\" style=\"cursor:inherit\">Spis tre\u015bci:<\/p>\n<span class=\"ez-toc-title-toggle\"><\/span><\/div>\n<nav><ul class='ez-toc-list ez-toc-list-level-1 ' ><li class='ez-toc-page-1 ez-toc-heading-level-2'><a class=\"ez-toc-link ez-toc-heading-1\" href=\"https:\/\/idealstaff.com\/pl\/dni-wolne-w-niemczech-w-2025-roku-co-warto-wiedziec\/#Dni_wolne_od_pracy_w_Niemczech_w_2025_roku_%E2%80%93_ogolnonarodowe_swieta\" >Dni wolne od pracy w Niemczech w 2025 roku &#8211; og\u00f3lnonarodowe \u015bwi\u0119ta<\/a><\/li><li class='ez-toc-page-1 ez-toc-heading-level-2'><a class=\"ez-toc-link ez-toc-heading-2\" href=\"https:\/\/idealstaff.com\/pl\/dni-wolne-w-niemczech-w-2025-roku-co-warto-wiedziec\/#Swieta_lokalne_%E2%80%93_ktore_landy_maja_wiecej_wolnego_w_2025_roku\" >\u015awi\u0119ta lokalne \u2013 kt\u00f3re landy maj\u0105 wi\u0119cej wolnego w 2025 roku?<\/a><\/li><\/ul><\/nav><\/div>\n<h2><span class=\"ez-toc-section\" id=\"Dni_wolne_od_pracy_w_Niemczech_w_2025_roku_%E2%80%93_ogolnonarodowe_swieta\"><\/span><span style=\"font-weight: 400;\">Dni wolne od pracy w Niemczech w 2025 roku &#8211; og\u00f3lnonarodowe \u015bwi\u0119ta<\/span><span class=\"ez-toc-section-end\"><\/span><\/h2>\n<p><b>W ca\u0142ych Niemczech obowi\u0105zuje dziewi\u0119\u0107 dni ustawowo wolnych od pracy. <\/b><span style=\"font-weight: 400;\">To oznacza, \u017ce niezale\u017cnie od miejsca zatrudnienia \u2013 czy pracujesz w Hamburgu, Monachium, czy Dre\u017anie \u2013 masz w te dni wolne. Stanowi\u0105 one trzon rocznego harmonogramu i s\u0105 doskona\u0142ymi punktami orientacyjnymi do d\u0142ugoterminowego planowania zar\u00f3wno w \u017cyciu zawodowym, jak i prywatnym. Dla wielu pracownik\u00f3w to czas na odpoczynek, ale te\u017c dobra okazja, aby za\u0142atwi\u0107 sprawy w Polsce, odwiedzi\u0107 rodzin\u0119 lub po prostu z\u0142apa\u0107 oddech.<\/span><\/p>\n<h3>Do og\u00f3lnoniemieckich dni wolnych w 2025 roku nale\u017c\u0105:<\/h3>\n<ul>\n<li style=\"font-weight: 400;\" aria-level=\"1\"><b>1 stycznia<\/b><span style=\"font-weight: 400;\"> (Nowy Rok),\u00a0<\/span><\/li>\n<li style=\"font-weight: 400;\" aria-level=\"1\"><b>18 kwietnia<\/b><span style=\"font-weight: 400;\"> (Wielki Pi\u0105tek),\u00a0<\/span><\/li>\n<li style=\"font-weight: 400;\" aria-level=\"1\"><b>21 kwietnia<\/b><span style=\"font-weight: 400;\"> (Poniedzia\u0142ek Wielkanocny),\u00a0<\/span><\/li>\n<li style=\"font-weight: 400;\" aria-level=\"1\"><b>1 maja<\/b><span style=\"font-weight: 400;\"> (\u015awi\u0119to Pracy),\u00a0<\/span><\/li>\n<li style=\"font-weight: 400;\" aria-level=\"1\"><b>29 maja<\/b><span style=\"font-weight: 400;\"> (Wniebowst\u0105pienie),\u00a0<\/span><\/li>\n<li style=\"font-weight: 400;\" aria-level=\"1\"><b>9 czerwca<\/b><span style=\"font-weight: 400;\"> (Zielone \u015awi\u0105tki),\u00a0<\/span><\/li>\n<li style=\"font-weight: 400;\" aria-level=\"1\"><b>3 pa\u017adziernika<\/b><span style=\"font-weight: 400;\"> (Dzie\u0144 Jedno\u015bci Niemiec),\u00a0<\/span><\/li>\n<li style=\"font-weight: 400;\" aria-level=\"1\"><b>25 i 26 grudnia<\/b><span style=\"font-weight: 400;\"> (Bo\u017ce Narodzenie).<\/span><\/li>\n<\/ul>\n<p><span style=\"font-weight: 400;\">Musisz jednak wiedzie\u0107, \u017ce<\/span><b> je\u015bli \u015bwi\u0119to przypada na weekend, nie przys\u0142uguje za nie dodatkowy dzie\u0144 wolny.<\/b><span style=\"font-weight: 400;\"> Inaczej ni\u017c w Polsce. Z drugiej strony, je\u015bli Tw\u00f3j grafik obejmuje prac\u0119 w \u015bwi\u0119ta, mo\u017cesz liczy\u0107 na dodatki finansowe \u2013 a czasem tak\u017ce wolne w innym terminie. Ustal to z pracodawc\u0105 z wyprzedzeniem.<\/span><\/p>\n<p><span style=\"font-weight: 400;\">Przeczytaj r\u00f3wnie\u017c: <\/span><a href=\"https:\/\/idealstaff.com\/przerwy-w-pracy-fizycznej-ile-odpoczynku-przysluguje-na-8-10-12-godzin-pracy\/\"><span style=\"font-weight: 400;\">Przerwy w pracy fizycznej. Ile odpoczynku przys\u0142uguje na 8, 10, 12 godzin pracy?<\/span><\/a><\/p>\n<h2><span class=\"ez-toc-section\" id=\"Swieta_lokalne_%E2%80%93_ktore_landy_maja_wiecej_wolnego_w_2025_roku\"><\/span><span style=\"font-weight: 400;\">\u015awi\u0119ta lokalne \u2013 kt\u00f3re landy maj\u0105 wi\u0119cej wolnego w 2025 roku?<\/span><span class=\"ez-toc-section-end\"><\/span><\/h2>\n<p><b>Niemcy sk\u0142adaj\u0105 si\u0119 z 16 kraj\u00f3w zwi\u0105zkowych, czyli land\u00f3w, a ka\u017cdy z nich cieszy si\u0119 pewnym stopniem autonomii, r\u00f3wnie\u017c w zakresie ustalania dni ustawowo wolnych od pracy. <\/b><span style=\"font-weight: 400;\">Oznacza to, \u017ce cho\u0107 istnieje solidna podstawa \u015bwi\u0105t obchodzonych w ca\u0142ym kraju, kalendarz \u015bwi\u0105teczny Twojego kolegi z Monachium (Bawaria) mo\u017ce znacz\u0105co r\u00f3\u017cni\u0107 si\u0119 od Twojego, je\u015bli pracujesz w Hamburgu.\u00a0<\/span><\/p>\n<p><b>Poza dziewi\u0119cioma og\u00f3lnokrajowymi \u015bwi\u0119tami poszczeg\u00f3lne landy maj\u0105 swoje w\u0142asne, dodatkowe dni wolne w Niemczech w 2025 roku.<\/b><span style=\"font-weight: 400;\"> To oznacza, \u017ce mo\u017cesz pracowa\u0107 w dniu, kt\u00f3ry w s\u0105siednim landzie jest wolny od pracy. Brzmi nieintuicyjnie? Oto poszczeg\u00f3lne <\/span><b>dni wolne w Niemczech w 2025 roku dla konkretnych land\u00f3w<\/b><span style=\"font-weight: 400;\">:<\/span><\/p>\n<ul>\n<li style=\"font-weight: 400;\" aria-level=\"1\"><b>6 stycznia<\/b><span style=\"font-weight: 400;\"> &#8211; mieszka\u0144cy Bawarii, Badenii-Wirtembergii oraz Saksonii-Anhalt obchodz\u0105 \u015awi\u0119to Trzech Kr\u00f3li (Heilige Drei K\u00f6nige);<\/span><\/li>\n<li style=\"font-weight: 400;\" aria-level=\"1\"><b>8 marca <\/b><span style=\"font-weight: 400;\">\u00a0&#8211; jest Mi\u0119dzynarodowym Dniem Kobiet (Internationaler Frauentag) i dniem wolnym w Berlinie;<\/span><\/li>\n<li style=\"font-weight: 400;\" aria-level=\"1\"><b>20 kwietnia<\/b><span style=\"font-weight: 400;\"> &#8211; Niedziela Wielkanocna jest dniem wolnym od pracy w Brandenburgii;<\/span><\/li>\n<li style=\"font-weight: 400;\" aria-level=\"1\"><b>19 czerwca<\/b><span style=\"font-weight: 400;\"> &#8211;\u00a0 Bo\u017ce Cia\u0142o (Fronleichnam) to dzie\u0144 wolny w landach o silnych tradycjach katolickich: Badenii-Wirtembergii, Bawarii, Hesji, Nadrenii P\u00f3\u0142nocnej-Westfalii, Nadrenii-Palatynacie i Kraju Saary. W Saksonii i Turyngii jest to \u015bwi\u0119to respektowane w wybranych gminach;<\/span><\/li>\n<li style=\"font-weight: 400;\" aria-level=\"1\"><b>15 sierpnia<\/b><span style=\"font-weight: 400;\"> &#8211; w Kraju Saary oraz w wi\u0119kszo\u015bci katolickich gmin Bawarii obchodzone b\u0119dzie Wniebowzi\u0119cie Naj\u015bwi\u0119tszej Maryi Panny (Mari\u00e4 Himmelfahrt);<\/span><\/li>\n<li style=\"font-weight: 400;\" aria-level=\"1\"><b>20 wrze\u015bnia<\/b><span style=\"font-weight: 400;\"> &#8211; w Turyngii obchodzony jest \u015awiatowy Dzie\u0144 Dziecka (Weltkindertag);<\/span><\/li>\n<li style=\"font-weight: 400;\" aria-level=\"1\"><b>31 pa\u017adziernika<\/b><span style=\"font-weight: 400;\"> &#8211; Dzie\u0144 Reformacji (Reformationstag) jest dniem wolnym w landach o tradycji protestanckiej: Brandenburgii, Bremie, Hamburgu, Meklemburgii-Pomorzu Przednim, Dolnej Saksonii, Saksonii, Saksonii-Anhalt, Szlezwiku-Holsztynie oraz Turyngii;<\/span><\/li>\n<li style=\"font-weight: 400;\" aria-level=\"1\"><b>1 listopada<\/b><span style=\"font-weight: 400;\"> &#8211; katolickie landy \u2013 Badenia-Wirtembergia, Bawaria, Nadrenia P\u00f3\u0142nocna-Westfalia, Nadrenia-Palatynat i Kraj Saary \u2013 obchodz\u0105 Wszystkich \u015awi\u0119tych (Allerheiligen);<\/span><\/li>\n<li style=\"font-weight: 400;\" aria-level=\"1\"><b>19 listopada<\/b><span style=\"font-weight: 400;\"> &#8211; w Saksonii obchodzony jest Dzie\u0144 Pokuty i Modlitwy (Bu\u00df- und Bettag).<\/span><\/li>\n<\/ul>\n<p><b>\u015awi\u0119ta regionalne cz\u0119sto maj\u0105 g\u0142\u0119bokie korzenie w lokalnych tradycjach<\/b><span style=\"font-weight: 400;\">, co dodatkowo wzbogaca mozaik\u0119 kulturow\u0105 Niemiec. Zanim wi\u0119c zaczniesz rezerwowa\u0107 bilety lotnicze lub planowa\u0107 wa\u017cne wydarzenia, zawsze upewnij si\u0119, kt\u00f3re \u015bwi\u0119ta obowi\u0105zuj\u0105 dok\u0142adnie w Twoim landzie. <\/span><b>Zapisz sobie daty, skonsultuj grafik z prze\u0142o\u017conym, przemy\u015bl, kiedy warto wzi\u0105\u0107 urlop.\u00a0<\/b><\/p>\n<p><span style=\"font-weight: 400;\">Sprawd\u017a r\u00f3wnie\u017c nasze <\/span><a href=\"https:\/\/idealstaff.com\/oferty-pracy\/niemcy\/\"><span style=\"font-weight: 400;\">oferty pracy w Niemczech<\/span><\/a><span style=\"font-weight: 400;\"> &#8211; z nami droga do zatrudnienia jest o wiele prostsza!<\/span><\/p>\n<p>&nbsp;<\/p>\n","protected":false},"excerpt":{"rendered":"<p>Je\u015bli jeste\u015b zatrudniony w Niemczech, planowanie pracy i odpoczynku z wyprzedzeniem to spos\u00f3b na unikni\u0119cie stresu, a tak\u017ce okazja do maksymalnego wykorzystania przys\u0142uguj\u0105cych Ci dni wolnych. Wiedza o tym, kiedy&#8230;<\/p>\n","protected":false},"author":19,"featured_media":12914,"comment_status":"closed","ping_status":"open","sticky":false,"template":"","format":"standard","meta":{"_acf_changed":false,"inline_featured_image":false,"footnotes":""},"categories":[234],"tags":[],"class_list":{"0":"post-13109","1":"post","2":"type-post","3":"status-publish","4":"format-standard","5":"has-post-thumbnail","7":"category-aktualnosci"},"acf":[],"_links":{"self":[{"href":"https:\/\/idealstaff.com\/pl\/wp-json\/wp\/v2\/posts\/13109","targetHints":{"allow":["GET"]}}],"collection":[{"href":"https:\/\/idealstaff.com\/pl\/wp-json\/wp\/v2\/posts"}],"about":[{"href":"https:\/\/idealstaff.com\/pl\/wp-json\/wp\/v2\/types\/post"}],"author":[{"embeddable":true,"href":"https:\/\/idealstaff.com\/pl\/wp-json\/wp\/v2\/users\/19"}],"replies":[{"embeddable":true,"href":"https:\/\/idealstaff.com\/pl\/wp-json\/wp\/v2\/comments?post=13109"}],"version-history":[{"count":3,"href":"https:\/\/idealstaff.com\/pl\/wp-json\/wp\/v2\/posts\/13109\/revisions"}],"predecessor-version":[{"id":13403,"href":"https:\/\/idealstaff.com\/pl\/wp-json\/wp\/v2\/posts\/13109\/revisions\/13403"}],"wp:featuredmedia":[{"embeddable":true,"href":"https:\/\/idealstaff.com\/pl\/wp-json\/wp\/v2\/media\/12914"}],"wp:attachment":[{"href":"https:\/\/idealstaff.com\/pl\/wp-json\/wp\/v2\/media?parent=13109"}],"wp:term":[{"taxonomy":"category","embeddable":true,"href":"https:\/\/idealstaff.com\/pl\/wp-json\/wp\/v2\/categories?post=13109"},{"taxonomy":"post_tag","embeddable":true,"href":"https:\/\/idealstaff.com\/pl\/wp-json\/wp\/v2\/tags?post=13109"}],"curies":[{"name":"wp","href":"https:\/\/api.w.org\/{rel}","templated":true}]}}