{"id":15285,"date":"2026-02-04T12:28:40","date_gmt":"2026-02-04T11:28:40","guid":{"rendered":"https:\/\/idealstaff.com\/?p=15285"},"modified":"2026-03-10T17:18:46","modified_gmt":"2026-03-10T16:18:46","slug":"placa-minimalna-w-niemczech-2026-co-to-oznacza-dla-pracownikow-z-polski","status":"publish","type":"post","link":"https:\/\/idealstaff.com\/pl\/placa-minimalna-w-niemczech-2026-co-to-oznacza-dla-pracownikow-z-polski\/","title":{"rendered":"P\u0142aca minimalna w Niemczech 2026 \u2013 co to oznacza dla pracownik\u00f3w z Polski?"},"content":{"rendered":"[vc_row type=&#8221;in_container&#8221; full_screen_row_position=&#8221;middle&#8221; column_margin=&#8221;default&#8221; column_direction=&#8221;default&#8221; column_direction_tablet=&#8221;default&#8221; column_direction_phone=&#8221;default&#8221; scene_position=&#8221;center&#8221; text_color=&#8221;dark&#8221; text_align=&#8221;left&#8221; row_border_radius=&#8221;none&#8221; row_border_radius_applies=&#8221;bg&#8221; row_position_desktop=&#8221;default&#8221; row_position_tablet=&#8221;inherit&#8221; row_position_phone=&#8221;inherit&#8221; overflow=&#8221;visible&#8221; overlay_strength=&#8221;0.3&#8243; gradient_direction=&#8221;left_to_right&#8221; shape_divider_position=&#8221;bottom&#8221; bg_image_animation=&#8221;none&#8221;][vc_column column_padding=&#8221;no-extra-padding&#8221; column_padding_tablet=&#8221;inherit&#8221; column_padding_phone=&#8221;inherit&#8221; column_padding_position=&#8221;all&#8221; flex_gap_desktop=&#8221;10px&#8221; column_element_direction_desktop=&#8221;default&#8221; column_element_spacing=&#8221;default&#8221; desktop_text_alignment=&#8221;default&#8221; tablet_text_alignment=&#8221;default&#8221; phone_text_alignment=&#8221;default&#8221; background_color_opacity=&#8221;1&#8243; background_hover_color_opacity=&#8221;1&#8243; column_backdrop_filter=&#8221;none&#8221; column_shadow=&#8221;none&#8221; column_border_radius=&#8221;none&#8221; column_link_target=&#8221;_self&#8221; column_position=&#8221;default&#8221; gradient_direction=&#8221;left_to_right&#8221; overlay_strength=&#8221;0.3&#8243; width=&#8221;1\/1&#8243; tablet_width_inherit=&#8221;default&#8221; animation_type=&#8221;default&#8221; bg_image_animation=&#8221;none&#8221; border_type=&#8221;simple&#8221; column_border_width=&#8221;none&#8221; column_border_style=&#8221;solid&#8221;][vc_column_text css=&#8221;&#8221; text_direction=&#8221;default&#8221;]<strong>Od 1 stycznia 2026 roku obowi\u0105zuje nowa p\u0142aca minimalna w Niemczech, kt\u00f3ra ma istotny wp\u0142yw na sytuacj\u0119 finansow\u0105 os\u00f3b pracuj\u0105cych za Odr\u0105<\/strong>. Zmiana ta dotyczy wszystkich zatrudnionych na terenie Niemiec, w tym r\u00f3wnie\u017c Polak\u00f3w, kt\u00f3rzy ju\u017c wykonuj\u0105 <strong>prac\u0119 w Niemczech<\/strong> lub dopiero planuj\u0105 wyjazd. Podwy\u017cszenie ustawowej stawki godzinowej jest odpowiedzi\u0105 na rosn\u0105ce koszty \u017cycia oraz coraz wi\u0119ksze zapotrzebowanie na pracownik\u00f3w, szczeg\u00f3lnie w sektorach takich jak logistyka, produkcja czy praca tymczasowa.<\/p>\n<p>Dla pracownik\u00f3w z Polski oznacza to nie tylko wy\u017csze wynagrodzenie \u201ena r\u0119k\u0119\u201d, ale r\u00f3wnie\u017c wi\u0119ksz\u0105 stabilno\u015b\u0107 zatrudnienia i lepsz\u0105 ochron\u0119 prawn\u0105. <strong>Minimalne wynagrodzenie w Niemczech<\/strong> stanowi bowiem podstaw\u0119 do wyliczania innych \u015bwiadcze\u0144 pracowniczych, takich jak urlop czy chorobowe, co w d\u0142u\u017cszej perspektywie ma realne znaczenie finansowe.<\/p>\n<div id=\"ez-toc-container\" class=\"ez-toc-v2_0_82_2 counter-hierarchy ez-toc-counter ez-toc-grey ez-toc-container-direction\">\n<div class=\"ez-toc-title-container\">\n<p class=\"ez-toc-title\" style=\"cursor:inherit\">Spis tre\u015bci:<\/p>\n<span class=\"ez-toc-title-toggle\"><\/span><\/div>\n<nav><ul class='ez-toc-list ez-toc-list-level-1 ' ><li class='ez-toc-page-1 ez-toc-heading-level-2'><a class=\"ez-toc-link ez-toc-heading-1\" href=\"https:\/\/idealstaff.com\/pl\/placa-minimalna-w-niemczech-2026-co-to-oznacza-dla-pracownikow-z-polski\/#Ile_wynosi_placa_minimalna_w_Niemczech_w_2026_i_jak_przeklada_sie_na_pensje\" >Ile wynosi p\u0142aca minimalna w Niemczech w 2026 i jak przek\u0142ada si\u0119 na pensj\u0119?<\/a><\/li><li class='ez-toc-page-1 ez-toc-heading-level-2'><a class=\"ez-toc-link ez-toc-heading-2\" href=\"https:\/\/idealstaff.com\/pl\/placa-minimalna-w-niemczech-2026-co-to-oznacza-dla-pracownikow-z-polski\/#Dlaczego_placa_minimalna_w_Niemczech_rosnie_od_2026_roku\" >Dlaczego p\u0142aca minimalna w Niemczech ro\u015bnie od 2026 roku?<\/a><\/li><li class='ez-toc-page-1 ez-toc-heading-level-2'><a class=\"ez-toc-link ez-toc-heading-3\" href=\"https:\/\/idealstaff.com\/pl\/placa-minimalna-w-niemczech-2026-co-to-oznacza-dla-pracownikow-z-polski\/#Kogo_obejmuje_placa_minimalna_w_Niemczech_w_2026_roku\" >Kogo obejmuje p\u0142aca minimalna w Niemczech w 2026 roku?<\/a><\/li><li class='ez-toc-page-1 ez-toc-heading-level-2'><a class=\"ez-toc-link ez-toc-heading-4\" href=\"https:\/\/idealstaff.com\/pl\/placa-minimalna-w-niemczech-2026-co-to-oznacza-dla-pracownikow-z-polski\/#Czy_branzowe_stawki_minimalne_sa_wyzsze_niz_niemiecka_placa_minimalna_w_2026\" >Czy bran\u017cowe stawki minimalne s\u0105 wy\u017csze, ni\u017c niemiecka p\u0142aca minimalna w 2026?<\/a><\/li><li class='ez-toc-page-1 ez-toc-heading-level-2'><a class=\"ez-toc-link ez-toc-heading-5\" href=\"https:\/\/idealstaff.com\/pl\/placa-minimalna-w-niemczech-2026-co-to-oznacza-dla-pracownikow-z-polski\/#Minijob_2026_%E2%80%93_jak_zmienil_sie_limit_zarobkow\" >Minijob 2026 \u2013 jak zmieni\u0142 si\u0119 limit zarobk\u00f3w?<\/a><\/li><li class='ez-toc-page-1 ez-toc-heading-level-2'><a class=\"ez-toc-link ez-toc-heading-6\" href=\"https:\/\/idealstaff.com\/pl\/placa-minimalna-w-niemczech-2026-co-to-oznacza-dla-pracownikow-z-polski\/#Czy_placa_minimalna_w_Niemczech_w_2026_roku_to_dobre_wynagrodzenie_dla_Polakow\" >Czy p\u0142aca minimalna w Niemczech w 2026 roku to dobre wynagrodzenie dla Polak\u00f3w?<\/a><\/li><li class='ez-toc-page-1 ez-toc-heading-level-2'><a class=\"ez-toc-link ez-toc-heading-7\" href=\"https:\/\/idealstaff.com\/pl\/placa-minimalna-w-niemczech-2026-co-to-oznacza-dla-pracownikow-z-polski\/#Ideal_Work_%E2%80%93_legalna_praca_w_Niemczech\" >Ideal Work \u2013 legalna praca w Niemczech<\/a><\/li><li class='ez-toc-page-1 ez-toc-heading-level-2'><a class=\"ez-toc-link ez-toc-heading-8\" href=\"https:\/\/idealstaff.com\/pl\/placa-minimalna-w-niemczech-2026-co-to-oznacza-dla-pracownikow-z-polski\/#FAQ_dot_placy_minimalnej_w_Niemczech_w_2026_roku\" >FAQ dot. p\u0142acy minimalnej w Niemczech w 2026 roku<\/a><\/li><\/ul><\/nav><\/div>\n<h2><span class=\"ez-toc-section\" id=\"Ile_wynosi_placa_minimalna_w_Niemczech_w_2026_i_jak_przeklada_sie_na_pensje\"><\/span>Ile wynosi p\u0142aca minimalna w Niemczech w 2026 i jak przek\u0142ada si\u0119 na pensj\u0119?<span class=\"ez-toc-section-end\"><\/span><\/h2>\n<p><strong>Od pocz\u0105tku 2026 roku ustawowa p\u0142aca minimalna w Niemczech (Mindestlohn) wynosi 13,90 euro brutto za godzin\u0119<\/strong>. W por\u00f3wnaniu do 2025 roku, kiedy stawka wynosi\u0142a 12,82 euro brutto, oznacza to zauwa\u017calny wzrost. Przy pe\u0142nym etacie, czyli \u015brednio od 168 do 174 godzin pracy miesi\u0119cznie, przek\u0142ada si\u0119 to na wynagrodzenie rz\u0119du <strong>2 400\u20132 420 euro brutto miesi\u0119cznie<\/strong>.<\/p>\n<p>W praktyce dla wielu Polak\u00f3w pracuj\u0105cych w Niemczech jest to kwota wy\u017csza, poniewa\u017c do podstawowej stawki cz\u0119sto dochodz\u0105 dodatki za nadgodziny, prac\u0119 nocn\u0105 czy prac\u0119 w systemie zmianowym. Warto te\u017c podkre\u015bli\u0107, \u017ce <strong>p\u0142aca minimalna w Niemczech 2026<\/strong> jest gwarantowana ustawowo i pracodawca nie mo\u017ce jej obni\u017cy\u0107, niezale\u017cnie od formy zatrudnienia.<\/p>\n<h2><span class=\"ez-toc-section\" id=\"Dlaczego_placa_minimalna_w_Niemczech_rosnie_od_2026_roku\"><\/span>Dlaczego p\u0142aca minimalna w Niemczech ro\u015bnie od 2026 roku?<span class=\"ez-toc-section-end\"><\/span><\/h2>\n<p>Systematyczne podnoszenie <strong>minimalnego wynagrodzenia w Niemczech<\/strong> wynika przede wszystkim z rosn\u0105cych koszt\u00f3w \u017cycia. Ceny mieszka\u0144, energii oraz \u017cywno\u015bci w ostatnich latach znacz\u0105co wzros\u0142y, co wymusi\u0142o korekt\u0119 stawek p\u0142acowych. Drugim istotnym czynnikiem jest niedob\u00f3r pracownik\u00f3w, zw\u0142aszcza w bran\u017cach opartych na pracy fizycznej, gdzie du\u017c\u0105 cz\u0119\u015b\u0107 zatrudnionych stanowi\u0105 pracownicy z Europy \u015arodkowo-Wschodniej, w tym Polacy.<\/p>\n<p>Dla os\u00f3b podejmuj\u0105cych <strong>prac\u0119 w Niemczech<\/strong> oznacza to wi\u0119ksze bezpiecze\u0144stwo finansowe oraz jasne zasady zatrudnienia. Podwy\u017cka p\u0142acy minimalnej ogranicza zjawisko zani\u017cania stawek i zwi\u0119ksza konkurencyjno\u015b\u0107 niemieckiego rynku pracy.[\/vc_column_text][vc_row_inner equal_height=&#8221;yes&#8221; content_placement=&#8221;middle&#8221; column_margin=&#8221;default&#8221; column_direction=&#8221;default&#8221; column_direction_tablet=&#8221;default&#8221; column_direction_phone=&#8221;default&#8221; text_align=&#8221;left&#8221; row_position=&#8221;default&#8221; row_position_tablet=&#8221;inherit&#8221; row_position_phone=&#8221;inherit&#8221; overflow=&#8221;visible&#8221; pointer_events=&#8221;all&#8221; class=&#8221;poznaj_stanowiska_opis_sekcja_przycisk&#8221;][vc_column_inner column_padding=&#8221;no-extra-padding&#8221; column_padding_tablet=&#8221;inherit&#8221; column_padding_phone=&#8221;inherit&#8221; column_padding_position=&#8221;all&#8221; flex_gap_desktop=&#8221;10px&#8221; column_element_direction_desktop=&#8221;default&#8221; column_element_spacing=&#8221;default&#8221; desktop_text_alignment=&#8221;default&#8221; tablet_text_alignment=&#8221;default&#8221; phone_text_alignment=&#8221;default&#8221; background_color_opacity=&#8221;1&#8243; background_hover_color_opacity=&#8221;1&#8243; column_backdrop_filter=&#8221;none&#8221; column_shadow=&#8221;none&#8221; column_border_radius=&#8221;none&#8221; column_link_target=&#8221;_self&#8221; overflow=&#8221;visible&#8221; gradient_direction=&#8221;left_to_right&#8221; overlay_strength=&#8221;0.3&#8243; width=&#8221;1\/2&#8243; tablet_width_inherit=&#8221;default&#8221; animation_type=&#8221;default&#8221; bg_image_animation=&#8221;none&#8221; border_type=&#8221;simple&#8221; column_border_width=&#8221;none&#8221; column_border_style=&#8221;solid&#8221;][vc_custom_heading text=&#8221;Sprawd\u017a nasze oferty pracy&#8221; font_container=&#8221;tag:p|text_align:left&#8221; use_theme_fonts=&#8221;yes&#8221; css=&#8221;&#8221;][\/vc_column_inner][vc_column_inner column_padding=&#8221;no-extra-padding&#8221; column_padding_tablet=&#8221;inherit&#8221; column_padding_phone=&#8221;inherit&#8221; column_padding_position=&#8221;all&#8221; flex_gap_desktop=&#8221;10px&#8221; column_element_direction_desktop=&#8221;default&#8221; column_element_spacing=&#8221;default&#8221; centered_text=&#8221;true&#8221; desktop_text_alignment=&#8221;default&#8221; tablet_text_alignment=&#8221;default&#8221; phone_text_alignment=&#8221;default&#8221; background_color_opacity=&#8221;1&#8243; background_hover_color_opacity=&#8221;1&#8243; column_backdrop_filter=&#8221;none&#8221; column_shadow=&#8221;none&#8221; column_border_radius=&#8221;none&#8221; column_link_target=&#8221;_self&#8221; overflow=&#8221;visible&#8221; advanced_gradient_angle=&#8221;0&#8243; gradient_direction=&#8221;left_to_right&#8221; overlay_strength=&#8221;0.3&#8243; width=&#8221;1\/2&#8243; tablet_width_inherit=&#8221;default&#8221; animation_type=&#8221;default&#8221; bg_image_animation=&#8221;none&#8221; border_type=&#8221;simple&#8221; column_border_width=&#8221;none&#8221; column_border_style=&#8221;solid&#8221; gradient_type=&#8221;default&#8221;][nectar_btn size=&#8221;small&#8221; button_style=&#8221;see-through-2&#8243; color_override=&#8221;#ffffff&#8221; hover_text_color_override=&#8221;#ffffff&#8221; icon_family=&#8221;none&#8221; text=&#8221;Zobacz nasze oferty&#8221; url=&#8221;https:\/\/idealstaff.com\/pl\/oferty-pracy\/niemcy\/&#8221;][\/vc_column_inner][\/vc_row_inner][vc_column_text css=&#8221;&#8221; text_direction=&#8221;default&#8221;]\n<h2><span class=\"ez-toc-section\" id=\"Kogo_obejmuje_placa_minimalna_w_Niemczech_w_2026_roku\"><\/span>Kogo obejmuje p\u0142aca minimalna w Niemczech w 2026 roku?<span class=\"ez-toc-section-end\"><\/span><\/h2>\n<p><strong>P\u0142aca minimalna\u00a0obowi\u0105zuje wszystkich pracownik\u00f3w wykonuj\u0105cych prac\u0119 na terytorium Niemiec, niezale\u017cnie od obywatelstwa<\/strong>. Oznacza to, \u017ce Polacy maj\u0105 dok\u0142adnie takie same prawa p\u0142acowe jak obywatele Niemiec. Nie ma znaczenia, czy pracownik jest zatrudniony bezpo\u015brednio przez niemieck\u0105 firm\u0119, czy poprzez <strong>agencj\u0119 pracy tymczasowej<\/strong> \u2013 kluczowe jest miejsce wykonywania pracy.<\/p>\n<p>Wyj\u0105tki od obowi\u0105zywania p\u0142acy minimalnej s\u0105 bardzo ograniczone i dotycz\u0105 g\u0142\u00f3wnie os\u00f3b niepe\u0142noletnich bez kwalifikacji zawodowych oraz wybranych form sta\u017cy i praktyk. W zdecydowanej wi\u0119kszo\u015bci przypadk\u00f3w Polacy pracuj\u0105cy legalnie w Niemczech s\u0105 w pe\u0142ni obj\u0119ci przepisami o minimalnym wynagrodzeniu.<\/p>\n<h2><span class=\"ez-toc-section\" id=\"Czy_branzowe_stawki_minimalne_sa_wyzsze_niz_niemiecka_placa_minimalna_w_2026\"><\/span>Czy bran\u017cowe stawki minimalne s\u0105 wy\u017csze, ni\u017c niemiecka p\u0142aca minimalna w 2026?<span class=\"ez-toc-section-end\"><\/span><\/h2>\n<p><strong>Tak &#8211; warto pami\u0119ta\u0107, \u017ce p\u0142aca minimalna w Niemczech obowi\u0105zuj\u0105ca w 2026 roku to jedynie dolna granica wynagrodzenia<\/strong>. W wielu bran\u017cach obowi\u0105zuj\u0105 wy\u017csze stawki wynikaj\u0105ce z uk\u0142ad\u00f3w zbiorowych pracy. Dotyczy to szczeg\u00f3lnie logistyki, produkcji, budownictwa czy bran\u017cy elektrycznej. Przyk\u0142adowo w sektorze elektrycznym i dekarskim od 2026 roku stawki przekraczaj\u0105 <strong>14,90 euro brutto za godzin\u0119<\/strong>.<\/p>\n<p>R\u00f3wnie\u017c <strong>praca tymczasowa w Niemczech<\/strong> jest regulowana uk\u0142adami zbiorowymi, kt\u00f3re przewiduj\u0105 stawki wy\u017csze ni\u017c Mindestlohn. Dla wielu Polak\u00f3w oznacza to mo\u017cliwo\u015b\u0107 osi\u0105gni\u0119cia znacznie wy\u017cszych dochod\u00f3w ni\u017c wynika\u0142oby to z samej p\u0142acy minimalnej.<\/p>\n<h2><span class=\"ez-toc-section\" id=\"Minijob_2026_%E2%80%93_jak_zmienil_sie_limit_zarobkow\"><\/span>Minijob 2026 \u2013 jak zmieni\u0142 si\u0119 limit zarobk\u00f3w?<span class=\"ez-toc-section-end\"><\/span><\/h2>\n<p><strong>Podniesienie p\u0142acy minimalnej wp\u0142yn\u0119\u0142o tak\u017ce na zasady zatrudnienia w Niemczech w ramach Minijob 2026<\/strong>. Od stycznia 2026 roku miesi\u0119czny limit zarobk\u00f3w wynosi <strong>603 euro<\/strong>, co przy stawce 13,90 euro brutto pozwala na przepracowanie oko\u0142o 43 godzin w miesi\u0105cu. Minijob jest cz\u0119sto wybierany przez osoby rozpoczynaj\u0105ce prac\u0119 w Niemczech, pracownik\u00f3w dorabiaj\u0105cych lub tych, kt\u00f3rzy poszukuj\u0105 elastycznego zatrudnienia bez pe\u0142nego etatu.<\/p>\n<h2><span class=\"ez-toc-section\" id=\"Czy_placa_minimalna_w_Niemczech_w_2026_roku_to_dobre_wynagrodzenie_dla_Polakow\"><\/span>Czy p\u0142aca minimalna w Niemczech w 2026 roku to dobre wynagrodzenie dla Polak\u00f3w?<span class=\"ez-toc-section-end\"><\/span><\/h2>\n<p><strong>Dla wielu os\u00f3b z Polski zarobki na poziomie niemieckiej p\u0142acy minimalnej stanowi\u0105 atrakcyjny punkt wyj\u015bcia, szczeg\u00f3lnie w por\u00f3wnaniu z polskimi stawkami minimalnymi<\/strong>. Przy zapewnionym zakwaterowaniu i stabilnej liczbie godzin pracy pozwala ona na realne oszcz\u0119dno\u015bci lub wsparcie finansowe rodziny w kraju. Co wa\u017cne, wzrost stawki minimalnej wp\u0142ywa tak\u017ce na wysoko\u015b\u0107 wynagrodzenia urlopowego, chorobowego oraz sk\u0142adek emerytalnych, co zwi\u0119ksza d\u0142ugofalowe bezpiecze\u0144stwo finansowe pracownika.<\/p>\n<h2><span class=\"ez-toc-section\" id=\"Ideal_Work_%E2%80%93_legalna_praca_w_Niemczech\"><\/span>Ideal Work \u2013 legalna praca w Niemczech<span class=\"ez-toc-section-end\"><\/span><\/h2>\n<p>W Ideal Work od ponad 10 lat pomagamy Polakom znale\u017a\u0107 <strong>legaln\u0105 prac\u0119 w Niemczech<\/strong>, g\u0142\u00f3wnie w sektorze logistycznym i produkcyjnym. Na bie\u017c\u0105co analizujemy zmiany w przepisach, takie jak <strong>p\u0142aca minimalna w Niemczech 2026<\/strong>, oraz dbamy o to, aby warunki zatrudnienia by\u0142y zgodne z obowi\u0105zuj\u0105cym prawem.<\/p>\n<h2 data-path-to-node=\"3\"><span class=\"ez-toc-section\" id=\"FAQ_dot_placy_minimalnej_w_Niemczech_w_2026_roku\"><\/span>FAQ dot. p\u0142acy minimalnej w Niemczech w 2026 roku<span class=\"ez-toc-section-end\"><\/span><\/h2>\n<h3 data-path-to-node=\"4\">Ile wynosi obecnie p\u0142aca minimalna w Niemczech (2026 r.)?<\/h3>\n<p data-path-to-node=\"5\">Od 1 stycznia 2026 roku ustawowa p\u0142aca minimalna w Niemczech (Mindestlohn) wynosi 13,90 euro brutto za godzin\u0119 pracy. W przypadku zatrudnienia na pe\u0142en etat (od 168 do 174 godzin w miesi\u0105cu) przek\u0142ada si\u0119 to na wynagrodzenie w przedziale od 2400 do 2420 euro brutto miesi\u0119cznie. Dok\u0142adna kwota netto (\u201ena r\u0119k\u0119\u201d) b\u0119dzie zale\u017ce\u0107 od Twojej indywidualnej klasy podatkowej w Niemczech.<\/p>\n<h3 data-path-to-node=\"6\">Czy pracuj\u0105c przez polsk\u0105 agencj\u0119 pracy w Niemczech, obowi\u0105zuje mnie niemiecka stawka minimalna?<\/h3>\n<p data-path-to-node=\"7\">Tak, niemiecka p\u0142aca minimalna obejmuje wszystkich pracownik\u00f3w wykonuj\u0105cych swoje obowi\u0105zki na terytorium Niemiec, niezale\u017cnie od ich obywatelstwa czy kraju, w kt\u00f3rym zarejestrowana jest agencja. Ka\u017cdy Polak pracuj\u0105cy legalnie za Odr\u0105 ma zagwarantowane minimum 13,90 euro brutto za godzin\u0119, a pr\u00f3by zani\u017cania tej stawki przez pracodawc\u0119 s\u0105 niezgodne z prawem.<\/p>\n<h3 data-path-to-node=\"8\">Ile wynosi limit zarobk\u00f3w dla Minijob w 2026 roku?<\/h3>\n<p data-path-to-node=\"9\">Miesi\u0119czny limit zarobk\u00f3w w ramach Minijob w 2026 roku wynosi 603 euro. Ze wzgl\u0119du na to, \u017ce minimalna stawka godzinowa wzros\u0142a do 13,90 euro brutto, w ramach Minijob mo\u017cesz obecnie przepracowa\u0107 oko\u0142o 43 godzin w miesi\u0105cu. Jest to popularna forma zatrudnienia dla os\u00f3b dorabiaj\u0105cych do g\u0142\u00f3wnej pensji lub szukaj\u0105cych elastycznych godzin pracy.<\/p>\n<h3 data-path-to-node=\"10\">Czy w ka\u017cdej bran\u017cy w Niemczech zarobi\u0119 dok\u0142adnie 13,90 euro brutto za godzin\u0119?<\/h3>\n<p data-path-to-node=\"11\">Nie, 13,90 euro to jedynie ustawowa dolna granica, co oznacza, \u017ce realne zarobki s\u0105 cz\u0119sto wy\u017csze. Wiele sektor\u00f3w w Niemczech (np. logistyka, budownictwo, produkcja czy bran\u017ca elektryczna) podlega uk\u0142adom zbiorowym pracy, kt\u00f3re ustalaj\u0105 w\u0142asne, wy\u017csze bran\u017cowe stawki minimalne. Przyk\u0142adowo, w bran\u017cy elektrycznej i dekarskiej minimalna stawka od 2026 roku przekracza 14,90 euro brutto za godzin\u0119.<\/p>\n<p><script type=\"application\/ld+json\">\n{\n  \"@context\": \"https:\/\/schema.org\",\n  \"@type\": \"FAQPage\",\n  \"mainEntity\": [\n    {\n      \"@type\": \"Question\",\n      \"name\": \"Ile wynosi obecnie p\u0142aca minimalna w Niemczech (2026 r.)?\",\n      \"acceptedAnswer\": {\n        \"@type\": \"Answer\",\n        \"text\": \"Od 1 stycznia 2026 roku ustawowa p\u0142aca minimalna w Niemczech (Mindestlohn) wynosi 13,90 euro brutto za godzin\u0119 pracy. W przypadku zatrudnienia na pe\u0142en etat (od 168 do 174 godzin w miesi\u0105cu) przek\u0142ada si\u0119 to na wynagrodzenie w przedziale od 2400 do 2420 euro brutto miesi\u0119cznie. Dok\u0142adna kwota netto (\u201ena r\u0119k\u0119\u201d) b\u0119dzie zale\u017ce\u0107 od Twojej indywidualnej klasy podatkowej w Niemczech.\"\n      }\n    },\n    {\n      \"@type\": \"Question\",\n      \"name\": \"Czy pracuj\u0105c przez polsk\u0105 agencj\u0119 pracy w Niemczech, obowi\u0105zuje mnie niemiecka stawka minimalna?\",\n      \"acceptedAnswer\": {\n        \"@type\": \"Answer\",\n        \"text\": \"Tak, niemiecka p\u0142aca minimalna obejmuje wszystkich pracownik\u00f3w wykonuj\u0105cych swoje obowi\u0105zki na terytorium Niemiec, niezale\u017cnie od ich obywatelstwa czy kraju, w kt\u00f3rym zarejestrowana jest agencja. Ka\u017cdy Polak pracuj\u0105cy legalnie za Odr\u0105 ma zagwarantowane minimum 13,90 euro brutto za godzin\u0119, a pr\u00f3by zani\u017cania tej stawki przez pracodawc\u0119 s\u0105 niezgodne z prawem.\"\n      }\n    },\n    {\n      \"@type\": \"Question\",\n      \"name\": \"Ile wynosi limit zarobk\u00f3w dla Minijob w 2026 roku?\",\n      \"acceptedAnswer\": {\n        \"@type\": \"Answer\",\n        \"text\": \"Miesi\u0119czny limit zarobk\u00f3w w ramach Minijob w 2026 roku wynosi 603 euro. Ze wzgl\u0119du na to, \u017ce minimalna stawka godzinowa wzros\u0142a do 13,90 euro brutto, w ramach Minijob mo\u017cesz obecnie przepracowa\u0107 oko\u0142o 43 godzin w miesi\u0105cu. Jest to popularna forma zatrudnienia dla os\u00f3b dorabiaj\u0105cych do g\u0142\u00f3wnej pensji lub szukaj\u0105cych elastycznych godzin pracy.\"\n      }\n    },\n    {\n      \"@type\": \"Question\",\n      \"name\": \"Czy w ka\u017cdej bran\u017cy w Niemczech zarobi\u0119 dok\u0142adnie 13,90 euro brutto za godzin\u0119?\",\n      \"acceptedAnswer\": {\n        \"@type\": \"Answer\",\n        \"text\": \"Nie, 13,90 euro to jedynie ustawowa dolna granica, co oznacza, \u017ce realne zarobki s\u0105 cz\u0119sto wy\u017csze. Wiele sektor\u00f3w w Niemczech (np. logistyka, budownictwo, produkcja czy bran\u017ca elektryczna) podlega uk\u0142adom zbiorowym pracy, kt\u00f3re ustalaj\u0105 w\u0142asne, wy\u017csze bran\u017cowe stawki minimalne. Przyk\u0142adowo, w bran\u017cy elektrycznej i dekarskiej minimalna stawka od 2026 roku przekracza 14,90 euro brutto za godzin\u0119.\"\n      }\n    }\n  ]\n}\n<\/script>[\/vc_column_text][divider line_type=&#8221;Full Width Line&#8221; line_thickness=&#8221;2&#8243; divider_color=&#8221;extra-color-1&#8243;][\/vc_column][\/vc_row][vc_row type=&#8221;in_container&#8221; full_screen_row_position=&#8221;middle&#8221; column_margin=&#8221;default&#8221; column_direction=&#8221;default&#8221; column_direction_tablet=&#8221;default&#8221; column_direction_phone=&#8221;default&#8221; scene_position=&#8221;center&#8221; text_color=&#8221;dark&#8221; text_align=&#8221;left&#8221; row_border_radius=&#8221;none&#8221; row_border_radius_applies=&#8221;bg&#8221; row_position_desktop=&#8221;default&#8221; row_position_tablet=&#8221;inherit&#8221; row_position_phone=&#8221;inherit&#8221; overflow=&#8221;visible&#8221; overlay_strength=&#8221;0.3&#8243; gradient_direction=&#8221;left_to_right&#8221; shape_divider_position=&#8221;bottom&#8221; bg_image_animation=&#8221;none&#8221;][vc_column column_padding=&#8221;no-extra-padding&#8221; column_padding_tablet=&#8221;inherit&#8221; column_padding_phone=&#8221;inherit&#8221; column_padding_position=&#8221;all&#8221; flex_gap_desktop=&#8221;10px&#8221; column_element_direction_desktop=&#8221;default&#8221; column_element_spacing=&#8221;default&#8221; desktop_text_alignment=&#8221;default&#8221; tablet_text_alignment=&#8221;default&#8221; phone_text_alignment=&#8221;default&#8221; background_color_opacity=&#8221;1&#8243; background_hover_color_opacity=&#8221;1&#8243; column_backdrop_filter=&#8221;none&#8221; column_shadow=&#8221;none&#8221; column_border_radius=&#8221;none&#8221; column_link_target=&#8221;_self&#8221; column_position=&#8221;default&#8221; gradient_direction=&#8221;left_to_right&#8221; overlay_strength=&#8221;0.3&#8243; width=&#8221;1\/1&#8243; tablet_width_inherit=&#8221;default&#8221; animation_type=&#8221;default&#8221; bg_image_animation=&#8221;none&#8221; border_type=&#8221;simple&#8221; column_border_width=&#8221;none&#8221; column_border_style=&#8221;solid&#8221;][\/vc_column][\/vc_row]\n","protected":false},"excerpt":{"rendered":"<p>[vc_row type=&#8221;in_container&#8221; full_screen_row_position=&#8221;middle&#8221; column_margin=&#8221;default&#8221; column_direction=&#8221;default&#8221; column_direction_tablet=&#8221;default&#8221; column_direction_phone=&#8221;default&#8221; scene_position=&#8221;center&#8221; text_color=&#8221;dark&#8221; text_align=&#8221;left&#8221; row_border_radius=&#8221;none&#8221; row_border_radius_applies=&#8221;bg&#8221; row_position_desktop=&#8221;default&#8221; row_position_tablet=&#8221;inherit&#8221; row_position_phone=&#8221;inherit&#8221; overflow=&#8221;visible&#8221; overlay_strength=&#8221;0.3&#8243; gradient_direction=&#8221;left_to_right&#8221; shape_divider_position=&#8221;bottom&#8221; bg_image_animation=&#8221;none&#8221;][vc_column column_padding=&#8221;no-extra-padding&#8221; column_padding_tablet=&#8221;inherit&#8221; column_padding_phone=&#8221;inherit&#8221; column_padding_position=&#8221;all&#8221; flex_gap_desktop=&#8221;10px&#8221; column_element_direction_desktop=&#8221;default&#8221; column_element_spacing=&#8221;default&#8221; desktop_text_alignment=&#8221;default&#8221; tablet_text_alignment=&#8221;default&#8221; phone_text_alignment=&#8221;default&#8221;&#8230;<\/p>\n","protected":false},"author":19,"featured_media":15287,"comment_status":"closed","ping_status":"open","sticky":false,"template":"","format":"standard","meta":{"_acf_changed":false,"inline_featured_image":false,"footnotes":""},"categories":[177],"tags":[],"class_list":{"0":"post-15285","1":"post","2":"type-post","3":"status-publish","4":"format-standard","5":"has-post-thumbnail","7":"category-praca-w-niemczech"},"acf":[],"_links":{"self":[{"href":"https:\/\/idealstaff.com\/pl\/wp-json\/wp\/v2\/posts\/15285","targetHints":{"allow":["GET"]}}],"collection":[{"href":"https:\/\/idealstaff.com\/pl\/wp-json\/wp\/v2\/posts"}],"about":[{"href":"https:\/\/idealstaff.com\/pl\/wp-json\/wp\/v2\/types\/post"}],"author":[{"embeddable":true,"href":"https:\/\/idealstaff.com\/pl\/wp-json\/wp\/v2\/users\/19"}],"replies":[{"embeddable":true,"href":"https:\/\/idealstaff.com\/pl\/wp-json\/wp\/v2\/comments?post=15285"}],"version-history":[{"count":7,"href":"https:\/\/idealstaff.com\/pl\/wp-json\/wp\/v2\/posts\/15285\/revisions"}],"predecessor-version":[{"id":15571,"href":"https:\/\/idealstaff.com\/pl\/wp-json\/wp\/v2\/posts\/15285\/revisions\/15571"}],"wp:featuredmedia":[{"embeddable":true,"href":"https:\/\/idealstaff.com\/pl\/wp-json\/wp\/v2\/media\/15287"}],"wp:attachment":[{"href":"https:\/\/idealstaff.com\/pl\/wp-json\/wp\/v2\/media?parent=15285"}],"wp:term":[{"taxonomy":"category","embeddable":true,"href":"https:\/\/idealstaff.com\/pl\/wp-json\/wp\/v2\/categories?post=15285"},{"taxonomy":"post_tag","embeddable":true,"href":"https:\/\/idealstaff.com\/pl\/wp-json\/wp\/v2\/tags?post=15285"}],"curies":[{"name":"wp","href":"https:\/\/api.w.org\/{rel}","templated":true}]}}