{"id":7662,"date":"2023-04-05T10:22:40","date_gmt":"2023-04-05T08:22:40","guid":{"rendered":"https:\/\/idealstaff.com\/?p=7662"},"modified":"2025-10-17T10:47:15","modified_gmt":"2025-10-17T08:47:15","slug":"co-spakowac-na-wyjazd-do-pracy-za-granice","status":"publish","type":"post","link":"https:\/\/idealstaff.com\/pl\/co-spakowac-na-wyjazd-do-pracy-za-granice\/","title":{"rendered":"Co zabra\u0107 ze sob\u0105 na pierwszy wyjazd do pracy za granic\u0119?"},"content":{"rendered":"<p style=\"text-align: justify;\"><strong>Rozpoczynaj\u0105c prac\u0119 za granic\u0105, w tym m.in. w Niemczech<\/strong>, tu\u017c przed samym wyjazdem warto dok\u0142adnie sprawdzi\u0107, co trzeba, a co warto zabra\u0107 ze sob\u0105 na miejsce. Odpowiedni ekwipunek pozwoli na unikni\u0119cie zb\u0119dnego stresu. <strong>Dobrym rozwi\u0105zaniem b\u0119dzie zrobienie listy rzeczy na wyjazd za granic\u0119 do pracy.<\/strong><\/p>\n<div id=\"ez-toc-container\" class=\"ez-toc-v2_0_82_2 counter-hierarchy ez-toc-counter ez-toc-grey ez-toc-container-direction\">\n<div class=\"ez-toc-title-container\">\n<p class=\"ez-toc-title\" style=\"cursor:inherit\">Spis tre\u015bci:<\/p>\n<span class=\"ez-toc-title-toggle\"><\/span><\/div>\n<nav><ul class='ez-toc-list ez-toc-list-level-1 ' ><li class='ez-toc-page-1 ez-toc-heading-level-2'><a class=\"ez-toc-link ez-toc-heading-1\" href=\"https:\/\/idealstaff.com\/pl\/co-spakowac-na-wyjazd-do-pracy-za-granice\/#Co_zabrac_do_pracy_za_granica_%E2%80%93_gotowa_lista\" >Co zabra\u0107 do pracy za granic\u0105 &#8211; gotowa lista<\/a><\/li><li class='ez-toc-page-1 ez-toc-heading-level-2'><a class=\"ez-toc-link ez-toc-heading-2\" href=\"https:\/\/idealstaff.com\/pl\/co-spakowac-na-wyjazd-do-pracy-za-granice\/#Karta_debetowa_i_gotowka_%E2%80%93_niezbedne_rzeczy_na_liscie\" >Karta debetowa i got\u00f3wka \u2013 niezb\u0119dne rzeczy na li\u015bcie<\/a><\/li><li class='ez-toc-page-1 ez-toc-heading-level-2'><a class=\"ez-toc-link ez-toc-heading-3\" href=\"https:\/\/idealstaff.com\/pl\/co-spakowac-na-wyjazd-do-pracy-za-granice\/#Odziez_i_obuwie_na_wyjazd_za_granice_do_pracy\" >Odzie\u017c i obuwie na wyjazd za granic\u0119 do pracy<\/a><\/li><li class='ez-toc-page-1 ez-toc-heading-level-2'><a class=\"ez-toc-link ez-toc-heading-4\" href=\"https:\/\/idealstaff.com\/pl\/co-spakowac-na-wyjazd-do-pracy-za-granice\/#Wyjazd_zagraniczny_do_pracy_a_leki\" >Wyjazd zagraniczny do pracy a leki<\/a><\/li><li class='ez-toc-page-1 ez-toc-heading-level-2'><a class=\"ez-toc-link ez-toc-heading-5\" href=\"https:\/\/idealstaff.com\/pl\/co-spakowac-na-wyjazd-do-pracy-za-granice\/#Wyjazd_do_pracy_za_granica_a_srodki_czystosci\" >Wyjazd do pracy za granic\u0105 a \u015brodki czysto\u015bci<\/a><\/li><li class='ez-toc-page-1 ez-toc-heading-level-2'><a class=\"ez-toc-link ez-toc-heading-6\" href=\"https:\/\/idealstaff.com\/pl\/co-spakowac-na-wyjazd-do-pracy-za-granice\/#Jak_przygotowac_sie_na_wyjazd_zagraniczny_z_zywnoscia\" >Jak przygotowa\u0107 si\u0119 na wyjazd zagraniczny z \u017cywno\u015bci\u0105?<\/a><\/li><li class='ez-toc-page-1 ez-toc-heading-level-2'><a class=\"ez-toc-link ez-toc-heading-7\" href=\"https:\/\/idealstaff.com\/pl\/co-spakowac-na-wyjazd-do-pracy-za-granice\/#Podstawowe_przybory_ktore_warto_zabrac_na_wyjazd_do_plecaka\" >Podstawowe przybory, kt\u00f3re warto zabra\u0107 na wyjazd do plecaka<\/a><\/li><li class='ez-toc-page-1 ez-toc-heading-level-2'><a class=\"ez-toc-link ez-toc-heading-8\" href=\"https:\/\/idealstaff.com\/pl\/co-spakowac-na-wyjazd-do-pracy-za-granice\/#Wyjazd_za_granice_a_telefon_z_dostepem_do_Internetu\" >Wyjazd za granic\u0119 a telefon z dost\u0119pem do Internetu<\/a><\/li><li class='ez-toc-page-1 ez-toc-heading-level-2'><a class=\"ez-toc-link ez-toc-heading-9\" href=\"https:\/\/idealstaff.com\/pl\/co-spakowac-na-wyjazd-do-pracy-za-granice\/#Lista_dokumentow_na_wyjazd_za_granice_do_pracy\" >Lista dokument\u00f3w na wyjazd za granic\u0119 do pracy<\/a><\/li><li class='ez-toc-page-1 ez-toc-heading-level-2'><a class=\"ez-toc-link ez-toc-heading-10\" href=\"https:\/\/idealstaff.com\/pl\/co-spakowac-na-wyjazd-do-pracy-za-granice\/#Pierwszy_wyjazd_za_granice_do_pracy\" >Pierwszy wyjazd za granic\u0119 do pracy<\/a><\/li><li class='ez-toc-page-1 ez-toc-heading-level-2'><a class=\"ez-toc-link ez-toc-heading-11\" href=\"https:\/\/idealstaff.com\/pl\/co-spakowac-na-wyjazd-do-pracy-za-granice\/#FAQ\" >FAQ<\/a><\/li><\/ul><\/nav><\/div>\n<h2><span class=\"ez-toc-section\" id=\"Co_zabrac_do_pracy_za_granica_%E2%80%93_gotowa_lista\"><\/span>Co zabra\u0107 do pracy za granic\u0105 &#8211; gotowa lista<span class=\"ez-toc-section-end\"><\/span><\/h2>\n<p style=\"text-align: justify;\">Nale\u017cy wzi\u0105\u0107 pod uwag\u0119 tylko te przedmioty, kt\u00f3re s\u0105 naprawd\u0119 niezb\u0119dne. Miejsca zamieszkania i pracy za granic\u0105 cz\u0119sto nie s\u0105 w pe\u0142ni wyposa\u017cone, jednak cz\u0119\u015b\u0107 rzeczy mo\u017cna kupi\u0107 na miejscu. Warto mie\u0107 to na uwadze, by nie mie\u0107 k\u0142opot\u00f3w przy transporcie du\u017cej ilo\u015bci ekwipunku, szczeg\u00f3lnie w trakcie poruszania si\u0119 transportem zorganizowanym (jak np. autokarem).<\/p>\n<h2 style=\"text-align: left;\"><span class=\"ez-toc-section\" id=\"Karta_debetowa_i_gotowka_%E2%80%93_niezbedne_rzeczy_na_liscie\"><\/span>Karta debetowa i got\u00f3wka \u2013 niezb\u0119dne rzeczy na li\u015bcie<span class=\"ez-toc-section-end\"><\/span><\/h2>\n<p style=\"text-align: justify;\"><strong>Karta debetowa to podstawowa rzecz, kt\u00f3r\u0105 trzeba mie\u0107 ze sob\u0105 za granic\u0105<\/strong>. Warto postawi\u0107 na tak\u0105, kt\u00f3ra jest po\u0142\u0105czona z kontem walutowym. Pozwoli to na unikni\u0119cie dodatkowych koszt\u00f3w zwi\u0105zanych z p\u0142atno\u015bci\u0105 w lokalnej walucie, czyli w przypadku Niemiec przewalutowa\u0144 z euro na z\u0142ot\u00f3wki, co mo\u017ce generowa\u0107 r\u00f3\u017cnice kursowe, jak i dodatkowe op\u0142aty bankowe.<\/p>\n<p style=\"text-align: justify;\">Cho\u0107 karta p\u0142atnicza jest obecnie powszechnym \u015brodkiem p\u0142atno\u015bci, pozwalaj\u0105cym na dokonywanie rozlicze\u0144 w wielu sklepach i punktach us\u0142ugowych, mo\u017ce si\u0119 okaza\u0107, \u017ce w konkretnym przypadku nie b\u0119dzie mo\u017cliwe skorzystanie z takiego udogodnienia. To dlatego <strong>warto mie\u0107 ze sob\u0105 nieco got\u00f3wki w walucie<\/strong> (w przypadku Niemiec jest to waluta euro). <strong>100\u2013200 euro b\u0119dzie w tej sytuacji optymalnym rozwi\u0105zaniem<\/strong>. W nag\u0142ych przypadkach, gdy nie b\u0119dzie mo\u017cliwe dokonanie zap\u0142aty za przedmiot lub us\u0142ug\u0119 przy wykorzystaniu terminala, got\u00f3wka w portfelu pozwoli na unikni\u0119cie problem\u00f3w.<\/p>\n<h2 style=\"text-align: left;\"><span class=\"ez-toc-section\" id=\"Odziez_i_obuwie_na_wyjazd_za_granice_do_pracy\"><\/span>Odzie\u017c i obuwie na wyjazd za granic\u0119 do pracy<span class=\"ez-toc-section-end\"><\/span><\/h2>\n<p style=\"text-align: justify;\"><strong>Wyjazd do pracy za granic\u0119 wi\u0105\u017ce si\u0119 z konieczno\u015bci\u0105 zaopatrzenia w niezb\u0119dn\u0105 odzie\u017c i obuwie<\/strong>. Powinny one uwzgl\u0119dnia\u0107 ka\u017cd\u0105 pogod\u0119. Kupowanie odzie\u017cy i obuwia na miejscu nie jest zbyt dobrym rozwi\u0105zaniem, je\u015bli chodzi o ceny, kt\u00f3re obowi\u0105zuj\u0105 w Niemczech. R\u00f3\u017cni\u0105 si\u0119 one znacznie od tych polskich, nawet bior\u0105c pod uwag\u0119 podstawowe elementy garderoby. Szczeg\u00f3lnie wa\u017cne s\u0105 ubrania na ka\u017cd\u0105 pogod\u0119.<strong> Przy d\u0142u\u017cszym wyje\u017adzie do pracy nale\u017cy ze sob\u0105 zabra\u0107 ze sob\u0105 m.in.:<\/strong><\/p>\n<ul style=\"text-align: justify;\">\n<li>kilkana\u015bcie par skarpet i zapewniaj\u0105c\u0105 komfort bielizn\u0119,<\/li>\n<li>wygodne koszulki, spodnie i bluzy,<\/li>\n<li>p\u0142aszcz przeciwdeszczowy i ciep\u0142\u0105 kurtk\u0119 zimow\u0105,<\/li>\n<li>czapk\u0119 ciep\u0142\u0105 na zim\u0119 i czapk\u0119 z daszkiem na lato,<\/li>\n<li>dwie pary r\u0119kawiczek,<\/li>\n<li>odzie\u017c wierzchni\u0105 i bielizn\u0119 termiczn\u0105,<\/li>\n<li>specjalistyczne buty ochronne.<\/li>\n<\/ul>\n<p style=\"text-align: justify;\">Z takim wyposa\u017ceniem niestraszne b\u0119d\u0105 nam \u017cadne warunki pogodowe.<\/p>\n<h2 style=\"text-align: left;\"><span class=\"ez-toc-section\" id=\"Wyjazd_zagraniczny_do_pracy_a_leki\"><\/span>Wyjazd zagraniczny do pracy a leki<span class=\"ez-toc-section-end\"><\/span><\/h2>\n<p style=\"text-align: justify;\"><strong>Leki to kolejna z kategorii rzeczy, kt\u00f3re trzeba zabra\u0107 na wyjazd do pracy za granic\u0105<\/strong>. Niezb\u0119dne s\u0105 nie tylko leki kupione na sta\u0142e schorzenia (jak np. cukrzyc\u0119, nadci\u015bnienie i inne) w kilkumiesi\u0119cznym zapasie, ze wzgl\u0119du na potencjalne trudno\u015bci w otrzymaniu ich w lokalnych aptekach na recept\u0119.<\/p>\n<p style=\"text-align: justify;\">Warto mie\u0107 ze sob\u0105 tak\u017ce \u015brodki przeciwb\u00f3lowe i suplementy diety na problemy z trawieniem. Przydadz\u0105 si\u0119 one w trudnych chwilach, nie tylko w trakcie przejazd\u00f3w, ale r\u00f3wnie\u017c pozwol\u0105 na przetrwanie przy wykonywaniu codziennych obowi\u0105zk\u00f3w w pracy. Leki przeciwb\u00f3lowe szczeg\u00f3lnie przydadz\u0105 si\u0119 je\u015bli wyje\u017cd\u017casz do pracy za granic\u0119 jako pracownik fizyczny np. <a href=\"https:\/\/idealstaff.com\/oferta\/pracownik-fizyczny-gls-4\/\">magazynier GLS w Berlinie<\/a>.<\/p>\n<h2 style=\"text-align: left;\"><span class=\"ez-toc-section\" id=\"Wyjazd_do_pracy_za_granica_a_srodki_czystosci\"><\/span>Wyjazd do pracy za granic\u0105 a \u015brodki czysto\u015bci<span class=\"ez-toc-section-end\"><\/span><\/h2>\n<p style=\"text-align: justify;\"><strong>\u015arodki czysto\u015bci to kolejne wa\u017cne elementy ekwipunku, kt\u00f3re nale\u017cy spakowa\u0107 do torby w trakcie przygotowa\u0144 do wyjazdu za granic\u0119<\/strong>. Cho\u0107 kwatery dla pracownik\u00f3w zagranicznych posiadaj\u0105 zwykle meble, to mo\u017ce si\u0119 okaza\u0107, \u017ce na ich wyposa\u017ceniu nie znajd\u0105 si\u0119 tak podstawowe produkty, jak np. myd\u0142o, papier toaletowy, p\u0142yn do naczy\u0144 i g\u0105bka. Proszki lub p\u0142yny do prania, a tak\u017ce p\u0142yny do p\u0142ukania, je\u015bli znajd\u0105 si\u0119 w takim ekwipunku mieszkania dla pracownika, b\u0119d\u0105 z kolei czym\u015b unikalnym.<\/p>\n<p style=\"text-align: justify;\">Nie nale\u017cy jednak zabiera\u0107 za du\u017co tego typu \u015brodk\u00f3w higieny. Mo\u017cna je bowiem kupi\u0107 w niemieckich sklepach, a ich ceny nie s\u0105 zaporowe w por\u00f3wnaniu z tymi obowi\u0105zuj\u0105cymi w Polsce.<\/p>\n<h2 style=\"text-align: left;\"><span class=\"ez-toc-section\" id=\"Jak_przygotowac_sie_na_wyjazd_zagraniczny_z_zywnoscia\"><\/span>Jak przygotowa\u0107 si\u0119 na wyjazd zagraniczny z \u017cywno\u015bci\u0105?<span class=\"ez-toc-section-end\"><\/span><\/h2>\n<p style=\"text-align: justify;\">Wyje\u017cd\u017caj\u0105c za granic\u0119, trzeba si\u0119 liczy\u0107 z tym, \u017ce serwowane tam produkty i potrawy mog\u0105 si\u0119 nieco r\u00f3\u017cni\u0107 od tych rodzimych. <strong>Ze wzgl\u0119du na czas dojazdu do Niemiec nie warto jednak zabiera\u0107 ze sob\u0105 gotowych da\u0144 i \u015bwie\u017cych produkt\u00f3w<\/strong>, poniewa\u017c mog\u0142yby ulec one zepsuciu lub uszkodzeniu w trakcie transportu. Mo\u017cna natomiast spakowa\u0107 produkty o d\u0142ugiej przydatno\u015bci do spo\u017cycia (jak np. r\u00f3\u017cnego rodzaju konserwy), dla kt\u00f3rych du\u017cym problemem nie b\u0119d\u0105 warunki ich przechowywania. S\u0105 one dodatkowo zwykle ta\u0144sze od podobnych produkt\u00f3w oferowanych przez sklepy niemieckie, co pozwala na uzyskanie pewnych oszcz\u0119dno\u015bci.<\/p>\n<h2 style=\"text-align: left;\"><span class=\"ez-toc-section\" id=\"Podstawowe_przybory_ktore_warto_zabrac_na_wyjazd_do_plecaka\"><\/span>Podstawowe przybory, kt\u00f3re warto zabra\u0107 na wyjazd do plecaka<span class=\"ez-toc-section-end\"><\/span><\/h2>\n<p style=\"text-align: justify;\"><strong>Wiele mieszka\u0144 i kwater dla pracownik\u00f3w jest wyposa\u017conych w podstawowe przybory do kuchni i \u0142azienki<\/strong>. Cz\u0119\u015b\u0107 jednak takiego ekwipunku nie posiada, co mo\u017ce by\u0107 niemi\u0142ym zaskoczeniem w pierwszym dniu przyjazdu. To dlatego podczas pakowania na wyjazd nie mo\u017cna zapomnie\u0107 o niezb\u0119dniku ka\u017cdej osoby, kt\u00f3ra rozpoczyna prac\u0119 w nowym miejscu. Nale\u017c\u0105 do niego w\u0142asny talerz i kubek oraz po kilka sztu\u0107c\u00f3w ka\u017cdego rodzaju (czyli widelc\u00f3w, no\u017cy, \u0142y\u017cek i \u0142y\u017ceczek). Pozwoli to na swobodne spo\u017cywanie posi\u0142k\u00f3w.<\/p>\n<p style=\"text-align: justify;\">Do \u0142azienki trzeba ze sob\u0105 z kolei zabra\u0107 kubek i szczoteczk\u0119 oraz kilka r\u0119cznik\u00f3w. Zapewni to higieniczne warunki \u017cycia w pierwszych dniach wyjazdu. P\u00f3\u017aniej trzeba b\u0119dzie skorzysta\u0107 z pralki, suszarki i innych urz\u0105dze\u0144 w wynajmowanym lokalu lub te\u017c uda\u0107 si\u0119 do lokalnego sklepu w celach zaopatrzeniowych.<\/p>\n<h2 style=\"text-align: left;\"><span class=\"ez-toc-section\" id=\"Wyjazd_za_granice_a_telefon_z_dostepem_do_Internetu\"><\/span>Wyjazd za granic\u0119 a telefon z dost\u0119pem do Internetu<span class=\"ez-toc-section-end\"><\/span><\/h2>\n<p style=\"text-align: justify;\"><strong>Przedmiotem, kt\u00f3ry trzeba zabra\u0107 na wyjazd za granic\u0119, jest telefon z dost\u0119pem do Internetu oraz roamingiem<\/strong>, by nie ponosi\u0107 dodatkowych op\u0142at za transfer danych. Przebywaj\u0105c w Niemczech, mo\u017cna bowiem natrafi\u0107 na problemy z komunikacj\u0105 z mieszka\u0144cami, szczeg\u00f3lnie w trakcie pytania o drog\u0119 lub innego problemu. Za pomoc\u0105 telefonu z Internetem mo\u017cna skorzysta\u0107 z nawigacji czy po\u0142\u0105czy\u0107 si\u0119 z pracodawc\u0105 u\u017cytkownikiem lub konsultantem z agencji pracy tymczasowej.<\/p>\n<p style=\"text-align: justify;\">Aby nie utraci\u0107 kontaktu ze \u015bwiatem, mo\u017cna pomy\u015ble\u0107 tak\u017ce o zapasowym telefonie. Wystarczy, \u017ce b\u0119dzie on mia\u0142 podstawowe funkcje (a wi\u0119c rozmowy i SMS-y). W razie awarii podstawowego aparatu lub jego uszkodzenia przez upadek b\u0119dzie on wybawieniem z opresji.<\/p>\n<h2 style=\"text-align: left;\"><span class=\"ez-toc-section\" id=\"Lista_dokumentow_na_wyjazd_za_granice_do_pracy\"><\/span>Lista dokument\u00f3w na wyjazd za granic\u0119 do pracy<span class=\"ez-toc-section-end\"><\/span><\/h2>\n<p style=\"text-align: justify;\">Przed wyjazdem do pracy za granic\u0119, bez wzgl\u0119du na kraj docelowy, nie mo\u017cna zapomnie\u0107 o wa\u017cnych dokumentach. <strong>W portfelu powinien znale\u017a\u0107 si\u0119 nie tylko dow\u00f3d osobisty lub paszport (potwierdzaj\u0105ce to\u017csamo\u015b\u0107)<\/strong>. W\u015br\u00f3d wa\u017cnych dokument\u00f3w, kt\u00f3re nale\u017cy mie\u0107 ze sob\u0105, znajduj\u0105 si\u0119 bowiem tak\u017ce:<\/p>\n<ul style=\"text-align: justify;\">\n<li>Europejska Karta Ubezpieczenia Zdrowotnego (tzw. EKUZ) potwierdzaj\u0105ca prawo do leczenia w innym pa\u0144stwie,<\/li>\n<li>prawo jazdy (je\u015bli takowe posiadamy),<\/li>\n<li>paszport covidowy lub test PCR, je\u015bli bie\u017c\u0105ce przepisy tego wymagaj\u0105 (je\u015bli chodzi o Niemcy, bie\u017c\u0105ce informacje w tym zakresie dost\u0119pne s\u0105 na rz\u0105dowej stronie internetowej <a href=\"https:\/\/www.gov.pl\/web\/niemcy\/informacje-dla-podrozujacych\" rel=\"nofollow noopener\" target=\"_blank\">https:\/\/www.gov.pl\/web\/niemcy\/informacje-dla-podrozujacych<\/a>).<\/li>\n<\/ul>\n<h2><span class=\"ez-toc-section\" id=\"Pierwszy_wyjazd_za_granice_do_pracy\"><\/span>Pierwszy wyjazd za granic\u0119 do pracy<span class=\"ez-toc-section-end\"><\/span><\/h2>\n<p style=\"text-align: justify;\"><strong>Przygotowania do wyjazdu do miejsca pracy za granic\u0105 nie musz\u0105 by\u0107 utrapieniem<\/strong>. Nale\u017cy jedynie pami\u0119ta\u0107 o sporz\u0105dzeniu <strong>dok\u0142adnej listy rzeczy<\/strong> i spokojnym jej zweryfikowaniu punkt po punkcie, tu\u017c przed podr\u00f3\u017c\u0105. W razie problem\u00f3w, jakie przedmioty zabra\u0107 ze sob\u0105 jad\u0105c do <a href=\"https:\/\/idealstaff.com\/oferty-pracy\/niemcy\/\">pracy w Niemczech<\/a>, warto skonsultowa\u0107 si\u0119 z agencj\u0105 pracy, kt\u00f3ra zapewnia Ci umow\u0119<a href=\"https:\/\/idealstaff.com\/umowa-o-prace-a-umowa-o-prace-tymczasowa-roznice\/\"> o prac\u0119 tymczasow\u0105<\/a>. Do\u015bwiadczeni specjali\u015bci pomog\u0105 w zweryfikowaniu, czy na wyjazd zosta\u0142y spakowane wszystkie przedmioty niezb\u0119dne w codziennym \u017cyciu.<\/p>\n<h2><span class=\"ez-toc-section\" id=\"FAQ\"><\/span>FAQ:<span class=\"ez-toc-section-end\"><\/span><\/h2>\n<div class=\"faq-item\">\n<details>\n<summary>Jakie dokumenty s\u0105 niezb\u0119dne przy wyje\u017adzie do pracy za granic\u0119?<\/summary>\n<div class=\"faq-answer\">\n<div>Nale\u017cy zabra\u0107 ze sob\u0105 dow\u00f3d osobisty lub paszport, Europejsk\u0105 Kart\u0119 Ubezpieczenia Zdrowotnego (EKUZ) oraz prawo jazdy, je\u015bli je posiadamy. Warto te\u017c sprawdzi\u0107 aktualne wymogi sanitarne, np. dotycz\u0105ce paszportu covidowego.<\/div>\n<\/div>\n<\/details>\n<\/div>\n<div class=\"faq-item\">\n<details>\n<summary>Ile got\u00f3wki warto zabra\u0107 ze sob\u0105 do Niemiec na pocz\u0105tek?<\/summary>\n<div class=\"faq-answer\">\n<div>Opr\u00f3cz karty debetowej, najlepiej po\u0142\u0105czonej z kontem walutowym, warto mie\u0107 przy sobie oko\u0142o 100\u2013200 euro w got\u00f3wce na wypadek, gdyby p\u0142atno\u015b\u0107 kart\u0105 nie by\u0142a mo\u017cliwa.<\/div>\n<\/div>\n<\/details>\n<\/div>\n<div class=\"faq-item\">\n<details>\n<summary>Jakie ubrania i obuwie spakowa\u0107 na wyjazd do pracy?<\/summary>\n<div class=\"faq-answer\">\n<div>Nale\u017cy zabra\u0107 odzie\u017c i obuwie na ka\u017cd\u0105 pogod\u0119, w tym kilkana\u015bcie par skarpet, bielizn\u0119, koszulki, spodnie, bluzy, p\u0142aszcz przeciwdeszczowy, ciep\u0142\u0105 kurtk\u0119, czapki, r\u0119kawiczki, bielizn\u0119 termiczn\u0105 oraz specjalistyczne buty ochronne.<\/div>\n<\/div>\n<\/details>\n<\/div>\n<div class=\"faq-item\">\n<details>\n<summary>Czy powinienem zabra\u0107 ze sob\u0105 jakie\u015b leki?<\/summary>\n<div class=\"faq-answer\">\n<div>Tak, koniecznie nale\u017cy zabra\u0107 kilkumiesi\u0119czny zapas lek\u00f3w przyjmowanych na sta\u0142e (np. na cukrzyc\u0119 czy nadci\u015bnienie). Warto r\u00f3wnie\u017c spakowa\u0107 \u015brodki przeciwb\u00f3lowe i suplementy na problemy z trawieniem.<\/div>\n<\/div>\n<\/details>\n<\/div>\n<div class=\"faq-item\">\n<details>\n<summary>Czy warto zabiera\u0107 ze sob\u0105 \u015brodki czysto\u015bci?<\/summary>\n<div class=\"faq-answer\">\n<div>Warto zabra\u0107 podstawowe produkty na pierwsze dni, takie jak myd\u0142o, papier toaletowy czy p\u0142yn do naczy\u0144. Nie nale\u017cy jednak bra\u0107 du\u017cych zapas\u00f3w, poniewa\u017c mo\u017cna je kupi\u0107 na miejscu w Niemczech w przyst\u0119pnych cenach.<\/div>\n<\/div>\n<\/details>\n<\/div>\n<div class=\"faq-item\">\n<details>\n<summary>Jak\u0105 \u017cywno\u015b\u0107 zabra\u0107, a jakiej unika\u0107?<\/summary>\n<div class=\"faq-answer\">\n<div>Nale\u017cy unika\u0107 zabierania gotowych da\u0144 i \u015bwie\u017cych produkt\u00f3w, kt\u00f3re mog\u0105 si\u0119 zepsu\u0107. Warto natomiast spakowa\u0107 produkty o d\u0142ugim terminie przydatno\u015bci, takie jak konserwy, kt\u00f3re s\u0105 cz\u0119sto ta\u0144sze ni\u017c w Niemczech.<\/div>\n<\/div>\n<\/details>\n<\/div>\n<div class=\"faq-item\">\n<details>\n<summary>Czy musz\u0119 zabiera\u0107 w\u0142asne naczynia i przybory kuchenne?<\/summary>\n<div class=\"faq-answer\">\n<div>Tak, poniewa\u017c kwatery pracownicze nie zawsze s\u0105 w pe\u0142ni wyposa\u017cone. Warto zabra\u0107 ze sob\u0105 w\u0142asny talerz, kubek, kilka sztu\u0107c\u00f3w, a do \u0142azienki szczoteczk\u0119 do z\u0119b\u00f3w i r\u0119czniki.<\/div>\n<\/div>\n<\/details>\n<\/div>\n","protected":false},"excerpt":{"rendered":"<p>Rozpoczynaj\u0105c prac\u0119 za granic\u0105, w tym m.in. w Niemczech, tu\u017c przed samym wyjazdem warto dok\u0142adnie sprawdzi\u0107, co trzeba, a co warto zabra\u0107 ze sob\u0105 na miejsce. Odpowiedni ekwipunek pozwoli na&#8230;<\/p>\n","protected":false},"author":19,"featured_media":7663,"comment_status":"closed","ping_status":"open","sticky":false,"template":"","format":"standard","meta":{"_acf_changed":false,"inline_featured_image":false,"footnotes":""},"categories":[177],"tags":[],"class_list":{"0":"post-7662","1":"post","2":"type-post","3":"status-publish","4":"format-standard","5":"has-post-thumbnail","7":"category-praca-w-niemczech"},"acf":[],"_links":{"self":[{"href":"https:\/\/idealstaff.com\/pl\/wp-json\/wp\/v2\/posts\/7662","targetHints":{"allow":["GET"]}}],"collection":[{"href":"https:\/\/idealstaff.com\/pl\/wp-json\/wp\/v2\/posts"}],"about":[{"href":"https:\/\/idealstaff.com\/pl\/wp-json\/wp\/v2\/types\/post"}],"author":[{"embeddable":true,"href":"https:\/\/idealstaff.com\/pl\/wp-json\/wp\/v2\/users\/19"}],"replies":[{"embeddable":true,"href":"https:\/\/idealstaff.com\/pl\/wp-json\/wp\/v2\/comments?post=7662"}],"version-history":[{"count":5,"href":"https:\/\/idealstaff.com\/pl\/wp-json\/wp\/v2\/posts\/7662\/revisions"}],"predecessor-version":[{"id":14607,"href":"https:\/\/idealstaff.com\/pl\/wp-json\/wp\/v2\/posts\/7662\/revisions\/14607"}],"wp:featuredmedia":[{"embeddable":true,"href":"https:\/\/idealstaff.com\/pl\/wp-json\/wp\/v2\/media\/7663"}],"wp:attachment":[{"href":"https:\/\/idealstaff.com\/pl\/wp-json\/wp\/v2\/media?parent=7662"}],"wp:term":[{"taxonomy":"category","embeddable":true,"href":"https:\/\/idealstaff.com\/pl\/wp-json\/wp\/v2\/categories?post=7662"},{"taxonomy":"post_tag","embeddable":true,"href":"https:\/\/idealstaff.com\/pl\/wp-json\/wp\/v2\/tags?post=7662"}],"curies":[{"name":"wp","href":"https:\/\/api.w.org\/{rel}","templated":true}]}}