{"id":8488,"date":"2023-08-22T12:47:11","date_gmt":"2023-08-22T10:47:11","guid":{"rendered":"https:\/\/idealstaff.com\/?p=8488"},"modified":"2024-11-27T12:29:09","modified_gmt":"2024-11-27T11:29:09","slug":"obowiazki-operatora-wozka-widlowego-w-niemczech","status":"publish","type":"post","link":"https:\/\/idealstaff.com\/pl\/obowiazki-operatora-wozka-widlowego-w-niemczech\/","title":{"rendered":"Rola i zakres obowi\u0105zk\u00f3w operator\u00f3w w\u00f3zk\u00f3w wid\u0142owych w Niemczech"},"content":{"rendered":"[vc_row type=&#8221;in_container&#8221; full_screen_row_position=&#8221;middle&#8221; column_margin=&#8221;default&#8221; column_direction=&#8221;default&#8221; column_direction_tablet=&#8221;default&#8221; column_direction_phone=&#8221;default&#8221; scene_position=&#8221;center&#8221; text_color=&#8221;dark&#8221; text_align=&#8221;left&#8221; row_border_radius=&#8221;none&#8221; row_border_radius_applies=&#8221;bg&#8221; overflow=&#8221;visible&#8221; overlay_strength=&#8221;0.3&#8243; gradient_direction=&#8221;left_to_right&#8221; shape_divider_position=&#8221;bottom&#8221; bg_image_animation=&#8221;none&#8221;][vc_column column_padding=&#8221;no-extra-padding&#8221; column_padding_tablet=&#8221;inherit&#8221; column_padding_phone=&#8221;inherit&#8221; column_padding_position=&#8221;all&#8221; column_element_spacing=&#8221;default&#8221; background_color_opacity=&#8221;1&#8243; background_hover_color_opacity=&#8221;1&#8243; column_shadow=&#8221;none&#8221; column_border_radius=&#8221;none&#8221; column_link_target=&#8221;_self&#8221; column_position=&#8221;default&#8221; gradient_direction=&#8221;left_to_right&#8221; overlay_strength=&#8221;0.3&#8243; width=&#8221;1\/1&#8243; tablet_width_inherit=&#8221;default&#8221; tablet_text_alignment=&#8221;default&#8221; phone_text_alignment=&#8221;default&#8221; animation_type=&#8221;default&#8221; bg_image_animation=&#8221;none&#8221; border_type=&#8221;simple&#8221; column_border_width=&#8221;none&#8221; column_border_style=&#8221;solid&#8221;][vc_column_text]\n<p style=\"text-align: justify;\"><strong>W dzisiejszym dynamicznym \u015bwiecie przemys\u0142owym, operatorzy w\u00f3zk\u00f3w wid\u0142owych odgrywaj\u0105 kluczow\u0105 rol\u0119 w zapewnianiu p\u0142ynno\u015bci i efektywno\u015bci operacji magazynowych i logistycznych.<\/strong> Ich zadania obejmuj\u0105 nie tylko sprawne przenoszenie i sk\u0142adowanie materia\u0142\u00f3w, ale tak\u017ce dbanie o bezpiecze\u0144stwo w miejscu pracy. W Niemczech, gdzie przemys\u0142 odgrywa znacz\u0105c\u0105 rol\u0119 w gospodarce, zapotrzebowanie na wysoko wykwalifikowanych operator\u00f3w w\u00f3zk\u00f3w wid\u0142owych jest stale rosn\u0105ce.<\/p>\n<div id=\"ez-toc-container\" class=\"ez-toc-v2_0_82_2 counter-hierarchy ez-toc-counter ez-toc-grey ez-toc-container-direction\">\n<div class=\"ez-toc-title-container\">\n<p class=\"ez-toc-title\" style=\"cursor:inherit\">Spis tre\u015bci:<\/p>\n<span class=\"ez-toc-title-toggle\"><\/span><\/div>\n<nav><ul class='ez-toc-list ez-toc-list-level-1 ' ><li class='ez-toc-page-1 ez-toc-heading-level-2'><a class=\"ez-toc-link ez-toc-heading-1\" href=\"https:\/\/idealstaff.com\/pl\/obowiazki-operatora-wozka-widlowego-w-niemczech\/#Zakres_obowiazkow_operatora_wozka_widlowego\" >Zakres obowi\u0105zk\u00f3w operatora w\u00f3zka wid\u0142owego<\/a><\/li><li class='ez-toc-page-1 ez-toc-heading-level-2'><a class=\"ez-toc-link ez-toc-heading-2\" href=\"https:\/\/idealstaff.com\/pl\/obowiazki-operatora-wozka-widlowego-w-niemczech\/#Zarobki_operatorow_wozkow_widlowych_w_Niemczech\" >Zarobki operator\u00f3w w\u00f3zk\u00f3w wid\u0142owych w Niemczech<\/a><\/li><li class='ez-toc-page-1 ez-toc-heading-level-2'><a class=\"ez-toc-link ez-toc-heading-3\" href=\"https:\/\/idealstaff.com\/pl\/obowiazki-operatora-wozka-widlowego-w-niemczech\/#Wartosc_nauki_jezyka_niemieckiego_dla_operatorow_wozkow_widlowych\" >Warto\u015b\u0107 nauki j\u0119zyka niemieckiego dla operator\u00f3w w\u00f3zk\u00f3w wid\u0142owych<\/a><\/li><li class='ez-toc-page-1 ez-toc-heading-level-2'><a class=\"ez-toc-link ez-toc-heading-4\" href=\"https:\/\/idealstaff.com\/pl\/obowiazki-operatora-wozka-widlowego-w-niemczech\/#Szkolenia_dla_operatorow_wozkow_widlowych_w_IDEAL_Work\" >Szkolenia dla operator\u00f3w w\u00f3zk\u00f3w wid\u0142owych w IDEAL Work<\/a><\/li><\/ul><\/nav><\/div>\n<h2><span class=\"ez-toc-section\" id=\"Zakres_obowiazkow_operatora_wozka_widlowego\"><\/span>Zakres obowi\u0105zk\u00f3w operatora w\u00f3zka wid\u0142owego<span class=\"ez-toc-section-end\"><\/span><\/h2>\n<p style=\"text-align: justify;\"><strong>Obowi\u0105zki operatora w\u00f3zka wid\u0142owego obejmuj\u0105 szereg kluczowych zada\u0144 w magazynach, centrach dystrybucji oraz innych miejscach, gdzie odbywa si\u0119 przechowywanie i przemieszczanie towar\u00f3w.<\/strong> Ich obowi\u0105zki obejmuj\u0105:<\/p>\n<ol>\n<li><strong>Przenoszenie i sk\u0142adowanie:<\/strong> Operatorzy w\u00f3zk\u00f3w wid\u0142owych zajmuj\u0105 si\u0119 przenoszeniem i sk\u0142adowaniem r\u00f3\u017cnorodnych materia\u0142\u00f3w, pocz\u0105wszy od paczek i palet po ci\u0119\u017csze produkty przemys\u0142owe. Ich umiej\u0119tno\u015bci precyzyjnego manewrowania s\u0105 kluczowe dla unikni\u0119cia uszkodze\u0144 towar\u00f3w.<\/li>\n<li><strong>Za\u0142adunek i roz\u0142adunek:<\/strong> Operatorzy s\u0105 odpowiedzialni za efektywne za\u0142adunek i roz\u0142adunek towar\u00f3w z pojazd\u00f3w transportowych, takich jak ci\u0119\u017car\u00f3wki czy kontenery.<\/li>\n<li><strong>Bezpiecze\u0144stwo:<\/strong> W\u00f3zki wid\u0142owe to pot\u0119\u017cne maszyny, dlatego operatorzy musz\u0105 przestrzega\u0107 rygorystycznych norm bezpiecze\u0144stwa. Zalicza si\u0119 do tego odpowiednie mocowanie \u0142adunk\u00f3w, przestrzeganie przepis\u00f3w oraz unikanie zagro\u017ce\u0144 dla siebie i innych pracownik\u00f3w.<\/li>\n<li><strong>Konserwacja i utrzymanie:<\/strong> Operatorzy w\u00f3zk\u00f3w wid\u0142owych s\u0105 r\u00f3wnie\u017c odpowiedzialni za podstawow\u0105 konserwacj\u0119 i utrzymanie maszyn, tak aby dzia\u0142a\u0142y sprawnie i bezawaryjnie.<\/li>\n<\/ol>\n[\/vc_column_text][vc_row_inner equal_height=&#8221;yes&#8221; content_placement=&#8221;middle&#8221; column_margin=&#8221;default&#8221; column_direction=&#8221;default&#8221; column_direction_tablet=&#8221;default&#8221; column_direction_phone=&#8221;default&#8221; text_align=&#8221;left&#8221; row_position=&#8221;default&#8221; row_position_tablet=&#8221;inherit&#8221; row_position_phone=&#8221;inherit&#8221; class=&#8221;poznaj_stanowiska_opis_sekcja_przycisk&#8221; overflow=&#8221;visible&#8221; pointer_events=&#8221;all&#8221;][vc_column_inner column_padding=&#8221;no-extra-padding&#8221; column_padding_tablet=&#8221;inherit&#8221; column_padding_phone=&#8221;inherit&#8221; column_padding_position=&#8221;all&#8221; column_element_spacing=&#8221;default&#8221; background_color_opacity=&#8221;1&#8243; background_hover_color_opacity=&#8221;1&#8243; column_shadow=&#8221;none&#8221; column_border_radius=&#8221;none&#8221; column_link_target=&#8221;_self&#8221; gradient_direction=&#8221;left_to_right&#8221; overlay_strength=&#8221;0.3&#8243; width=&#8221;1\/2&#8243; tablet_width_inherit=&#8221;default&#8221; animation_type=&#8221;default&#8221; bg_image_animation=&#8221;none&#8221; border_type=&#8221;simple&#8221; column_border_width=&#8221;none&#8221; column_border_style=&#8221;solid&#8221;][vc_custom_heading text=&#8221;Szukasz pracy jako<br \/>\nOperator w\u00f3zka wid\u0142owego?&#8221; font_container=&#8221;tag:p|text_align:left&#8221; use_theme_fonts=&#8221;yes&#8221;][\/vc_column_inner][vc_column_inner column_padding=&#8221;no-extra-padding&#8221; column_padding_tablet=&#8221;inherit&#8221; column_padding_phone=&#8221;inherit&#8221; column_padding_position=&#8221;all&#8221; column_element_spacing=&#8221;default&#8221; centered_text=&#8221;true&#8221; background_color_opacity=&#8221;1&#8243; background_hover_color_opacity=&#8221;1&#8243; column_shadow=&#8221;none&#8221; column_border_radius=&#8221;none&#8221; column_link_target=&#8221;_self&#8221; advanced_gradient_angle=&#8221;0&#8243; gradient_direction=&#8221;left_to_right&#8221; overlay_strength=&#8221;0.3&#8243; width=&#8221;1\/2&#8243; tablet_width_inherit=&#8221;default&#8221; animation_type=&#8221;default&#8221; bg_image_animation=&#8221;none&#8221; border_type=&#8221;simple&#8221; column_border_width=&#8221;none&#8221; column_border_style=&#8221;solid&#8221; gradient_type=&#8221;default&#8221;][nectar_btn size=&#8221;small&#8221; button_style=&#8221;see-through-2&#8243; color_override=&#8221;#ffffff&#8221; hover_text_color_override=&#8221;#ffffff&#8221; icon_family=&#8221;none&#8221; text=&#8221;Zobacz nasze oferty&#8221; url=&#8221;\/oferty-pracy\/?swoof=1&amp;pa_stanowisko=operator-wozka-widlowego&#8221;][\/vc_column_inner][\/vc_row_inner][vc_column_text]\n<h2><span class=\"ez-toc-section\" id=\"Zarobki_operatorow_wozkow_widlowych_w_Niemczech\"><\/span>Zarobki operator\u00f3w w\u00f3zk\u00f3w wid\u0142owych w Niemczech<span class=\"ez-toc-section-end\"><\/span><\/h2>\n<p style=\"text-align: justify;\">Zarobki operator\u00f3w w\u00f3zk\u00f3w wid\u0142owych w Niemczech mog\u0105 by\u0107 zr\u00f3\u017cnicowane w zale\u017cno\u015bci od regionu, do\u015bwiadczenia oraz rodzaju przedsi\u0119biorstwa. W IDEAL Work pracownicy na tym stanowisku zarabiaj\u0105 15-16 euro brutto\/h w godzinach dziennych i 18,75 euro brutto\/h w godzinach nocnych. Do\u015bwiadczeni operatorzy znaj\u0105cy j\u0119zyk niemiecki zarabiaj\u0105 wi\u0119cej: dodatkowo 1,50 euro do ka\u017cdej przepracowanej godziny.<\/p>\n<h2><span class=\"ez-toc-section\" id=\"Wartosc_nauki_jezyka_niemieckiego_dla_operatorow_wozkow_widlowych\"><\/span>Warto\u015b\u0107 nauki j\u0119zyka niemieckiego dla operator\u00f3w w\u00f3zk\u00f3w wid\u0142owych<span class=\"ez-toc-section-end\"><\/span><\/h2>\n<p style=\"text-align: justify;\">W kontek\u015bcie pracy w Niemczech, umiej\u0119tno\u015b\u0107 komunikowania si\u0119 w j\u0119zyku niemieckim staje si\u0119 kluczowym atutem. Wielu pracodawc\u00f3w wymaga, aby pracownicy znali j\u0119zyk niemiecki na wystarczaj\u0105cym poziomie, aby efektywnie porozumiewa\u0107 si\u0119 w miejscu pracy oraz z klientami. W IDEAL Work mamy oferty pracy dla <a href=\"https:\/\/idealstaff.com\/operator-wozka-widlowego\/\">operator\u00f3w w\u00f3zk\u00f3w wid\u0142owych w Niemczech<\/a> zar\u00f3wno z wymaganym j\u0119zykiem niemieckim jak i bez, ale umiej\u0119tno\u015b\u0107 pos\u0142ugiwania si\u0119 j\u0119zykiem mo\u017ce otworzy\u0107 nowe mo\u017cliwo\u015bci zawodowe oraz umo\u017cliwi\u0107 lepsz\u0105 integracj\u0119 w niemieckim spo\u0142ecze\u0144stwie.<\/p>\n<h2><span class=\"ez-toc-section\" id=\"Szkolenia_dla_operatorow_wozkow_widlowych_w_IDEAL_Work\"><\/span>Szkolenia dla operator\u00f3w w\u00f3zk\u00f3w wid\u0142owych w IDEAL Work<span class=\"ez-toc-section-end\"><\/span><\/h2>\n<p style=\"text-align: justify;\"><strong>Zdajemy sobie spraw\u0119 z rosn\u0105cego zapotrzebowania na wysoko wykwalifikowanych operator\u00f3w w\u00f3zk\u00f3w wid\u0142owych w Niemczech, dlatego oferujemy specjalistyczne szkolenia<\/strong>, kt\u00f3re przygotowuj\u0105 pracownik\u00f3w do efektywnej pracy na w\u00f3zkach wid\u0142owych oraz do spe\u0142niania rygorystycznych standard\u00f3w bezpiecze\u0144stwa. Co wi\u0119cej, dostrzegamy tak\u017ce znaczenie znajomo\u015bci j\u0119zyka niemieckiego, dlatego zach\u0119camy swoich pracownik\u00f3w do nauki tego j\u0119zyka, aby lepiej radzili sobie w niemieckim \u015brodowisku pracy.<\/p>\n[\/vc_column_text][divider line_type=&#8221;Full Width Line&#8221; line_thickness=&#8221;2&#8243; divider_color=&#8221;extra-color-1&#8243;][vc_custom_heading text=&#8221;Sprawd\u017a nasze oferty pracy dla operator\u00f3w w\u00f3zk\u00f3w wid\u0142owych!&#8221; font_container=&#8221;tag:h3|text_align:center|line_height:2&#8243;][vc_column_text]<div class=\"woocommerce columns-4 \">\r\n  <ul class=\"products columns-4\" data-n-lazy=\"1\" data-rm-m-hover=\"off\" data-n-desktop-columns=\"2\" data-n-desktop-small-columns=\"2\" data-n-tablet-columns=\"2\" data-n-phone-columns=\"1\" data-product-style=\"minimal\">\r\n\r\n\r\n\n\t<li class=\"minimal product type-product post-15709 status-publish first instock product_cat-niemcy shipping-taxable product-type-simple\" >\n\n\n\t\n\n\t\t\t\t <div class=\"background-color-expand\"><\/div>\n\t   <div class=\"product-wrap\">\n\t\t\t<a href=\"https:\/\/idealstaff.com\/pl\/oferta\/operator-wozka-widlowego-praca-za-granica-niemcy-zakwaterowanie-m-k-3\/\" aria-label=\"Operator W\u00f3zka Wid\u0142owego | Praca za granic\u0105 | Niemcy | Zakwaterowanie (m\/k)\"><img decoding=\"async\" width=\"300\" height=\"300\" src=\"https:\/\/idealstaff.com\/wp-content\/uploads\/woocommerce-placeholder-300x300.png\" class=\"woocommerce-placeholder wp-post-image\" alt=\"Symbol zast\u0119pczy\" srcset=\"https:\/\/idealstaff.com\/wp-content\/uploads\/woocommerce-placeholder-300x300.png 300w, https:\/\/idealstaff.com\/wp-content\/uploads\/woocommerce-placeholder-150x150.png 150w, https:\/\/idealstaff.com\/wp-content\/uploads\/woocommerce-placeholder-600x600.png 600w, https:\/\/idealstaff.com\/wp-content\/uploads\/woocommerce-placeholder-1024x1024.png 1024w, https:\/\/idealstaff.com\/wp-content\/uploads\/woocommerce-placeholder-768x768.png 768w, https:\/\/idealstaff.com\/wp-content\/uploads\/woocommerce-placeholder-100x100.png 100w, https:\/\/idealstaff.com\/wp-content\/uploads\/woocommerce-placeholder-140x140.png 140w, https:\/\/idealstaff.com\/wp-content\/uploads\/woocommerce-placeholder-500x500.png 500w, https:\/\/idealstaff.com\/wp-content\/uploads\/woocommerce-placeholder-350x350.png 350w, https:\/\/idealstaff.com\/wp-content\/uploads\/woocommerce-placeholder-1000x1000.png 1000w, https:\/\/idealstaff.com\/wp-content\/uploads\/woocommerce-placeholder-800x800.png 800w, https:\/\/idealstaff.com\/wp-content\/uploads\/woocommerce-placeholder.png 1200w\" sizes=\"(max-width: 300px) 100vw, 300px\" title=\"\"><\/a><div class=\"product-meta\"><a href=\"https:\/\/idealstaff.com\/pl\/oferta\/operator-wozka-widlowego-praca-za-granica-niemcy-zakwaterowanie-m-k-3\/\"><h2 class=\"woocommerce-loop-product__title\">Operator W\u00f3zka Wid\u0142owego | Praca za granic\u0105 | Niemcy | Zakwaterowanie (m\/k)<\/h2><\/a><div class=\"box2\">\n\t\t\t\t<span class=\"op_list_field op_list_field_bottom op_list_idealWorkArea\">okolice Kassel, Niemcy <\/span>\n\t\t\t\t<span class=\"op_list_field op_list_field_bottom op_list_idealWorkDataCreate\">Opublikowano: 2025-12-19<\/span>\n\t<\/div>\n<div class=\"box3\">\n\t\t\t<div class='aplikuj'>Aplikuj<\/div>\t\n<\/div>\n\t<div class=\"op_list_bottom\">\n\t\t\t\t\t<span class=\"op_list_field op_list_field_bottom op_list_IdealWorkIndustry\">Handel<\/span>\n\t\t\t\t\t\t\t<span class=\"op_list_field op_list_field_bottom op_list_idealWorkDepartment\" >Praca Tymczasowa Zagranica<\/span>\n\t\t\t\t\t\t\t<span class=\"op_list_field op_list_field_bottom op_list_idealWorkPlace\">Operator w\u00f3zka wid\u0142owego<\/span>\n\t\t\t\t\n\t\t\t\t\t\t\t<span class=\"op_list_field op_list_field_bottom op_list_idealWorkSallary\">2 900 - 3 600 Euro brutto miesi\u0119cznie<\/span>\n\t\t\t<\/div>\n\t<div class=\"price-hover-wrap\">\n<div class=\"product-add-to-cart\" data-nectar-quickview=\"false\"><a href=\"https:\/\/idealstaff.com\/pl\/oferta\/operator-wozka-widlowego-praca-za-granica-niemcy-zakwaterowanie-m-k-3\/\" data-quantity=\"1\" class=\"button product_type_simple\" data-product_id=\"15709\" data-product_sku=\"\" aria-label=\"Przeczytaj wi\u0119cej o &bdquo;Operator W\u00f3zka Wid\u0142owego | Praca za granic\u0105 | Niemcy | Zakwaterowanie (m\/k)&rdquo;\" rel=\"nofollow\" data-success_message=\"\"><i class=\"normal icon-salient-cart\"><\/i><span>Dowiedz si\u0119 wi\u0119cej<\/span><\/a><\/div>\n\t\t\t\t<\/div>\n\t\t\t<\/div><\/div>\t\t\n\t  \n\n\t\t\n\t\n\n\t\n<\/li>\n\t<li class=\"minimal product type-product post-15707 status-publish instock product_cat-niemcy shipping-taxable product-type-simple\" >\n\n\n\t\n\n\t\t\t\t <div class=\"background-color-expand\"><\/div>\n\t   <div class=\"product-wrap\">\n\t\t\t<a href=\"https:\/\/idealstaff.com\/pl\/oferta\/operator-wozka-widlowego-praca-niemcy-na-dluzej-zakwaterowaniem-k-3\/\" aria-label=\"Operator w\u00f3zka wid\u0142owego- Praca Niemcy | NA D\u0141U\u017bEJ | Zakwaterowanie(m\/k)\"><img decoding=\"async\" width=\"300\" height=\"300\" src=\"https:\/\/idealstaff.com\/wp-content\/uploads\/woocommerce-placeholder-300x300.png\" class=\"woocommerce-placeholder wp-post-image\" alt=\"Symbol zast\u0119pczy\" srcset=\"https:\/\/idealstaff.com\/wp-content\/uploads\/woocommerce-placeholder-300x300.png 300w, https:\/\/idealstaff.com\/wp-content\/uploads\/woocommerce-placeholder-150x150.png 150w, https:\/\/idealstaff.com\/wp-content\/uploads\/woocommerce-placeholder-600x600.png 600w, https:\/\/idealstaff.com\/wp-content\/uploads\/woocommerce-placeholder-1024x1024.png 1024w, https:\/\/idealstaff.com\/wp-content\/uploads\/woocommerce-placeholder-768x768.png 768w, https:\/\/idealstaff.com\/wp-content\/uploads\/woocommerce-placeholder-100x100.png 100w, https:\/\/idealstaff.com\/wp-content\/uploads\/woocommerce-placeholder-140x140.png 140w, https:\/\/idealstaff.com\/wp-content\/uploads\/woocommerce-placeholder-500x500.png 500w, https:\/\/idealstaff.com\/wp-content\/uploads\/woocommerce-placeholder-350x350.png 350w, https:\/\/idealstaff.com\/wp-content\/uploads\/woocommerce-placeholder-1000x1000.png 1000w, https:\/\/idealstaff.com\/wp-content\/uploads\/woocommerce-placeholder-800x800.png 800w, https:\/\/idealstaff.com\/wp-content\/uploads\/woocommerce-placeholder.png 1200w\" sizes=\"(max-width: 300px) 100vw, 300px\" title=\"\"><\/a><div class=\"product-meta\"><a href=\"https:\/\/idealstaff.com\/pl\/oferta\/operator-wozka-widlowego-praca-niemcy-na-dluzej-zakwaterowaniem-k-3\/\"><h2 class=\"woocommerce-loop-product__title\">Operator w\u00f3zka wid\u0142owego- Praca Niemcy | NA D\u0141U\u017bEJ | Zakwaterowanie(m\/k)<\/h2><\/a><div class=\"box2\">\n\t\t\t\t<span class=\"op_list_field op_list_field_bottom op_list_idealWorkArea\">okolice Monachium, Niemcy <\/span>\n\t\t\t\t<span class=\"op_list_field op_list_field_bottom op_list_idealWorkDataCreate\">Opublikowano: 2025-12-15<\/span>\n\t<\/div>\n<div class=\"box3\">\n\t\t\t<div class='aplikuj'>Aplikuj<\/div>\t\n<\/div>\n\t<div class=\"op_list_bottom\">\n\t\t\t\t\t<span class=\"op_list_field op_list_field_bottom op_list_IdealWorkIndustry\">Handel<\/span>\n\t\t\t\t\t\t\t<span class=\"op_list_field op_list_field_bottom op_list_idealWorkDepartment\" >Praca Tymczasowa Zagranica<\/span>\n\t\t\t\t\t\t\t<span class=\"op_list_field op_list_field_bottom op_list_idealWorkPlace\">Operator w\u00f3zka wid\u0142owego<\/span>\n\t\t\t\t\n\t\t\t\t\t\t\t<span class=\"op_list_field op_list_field_bottom op_list_idealWorkSallary\">2 950 - 3 150 Euro brutto miesi\u0119cznie<\/span>\n\t\t\t<\/div>\n\t<div class=\"price-hover-wrap\">\n<div class=\"product-add-to-cart\" data-nectar-quickview=\"false\"><a href=\"https:\/\/idealstaff.com\/pl\/oferta\/operator-wozka-widlowego-praca-niemcy-na-dluzej-zakwaterowaniem-k-3\/\" data-quantity=\"1\" class=\"button product_type_simple\" data-product_id=\"15707\" data-product_sku=\"\" aria-label=\"Przeczytaj wi\u0119cej o &bdquo;Operator w\u00f3zka wid\u0142owego- Praca Niemcy | NA D\u0141U\u017bEJ | Zakwaterowanie(m\/k)&rdquo;\" rel=\"nofollow\" data-success_message=\"\"><i class=\"normal icon-salient-cart\"><\/i><span>Dowiedz si\u0119 wi\u0119cej<\/span><\/a><\/div>\n\t\t\t\t<\/div>\n\t\t\t<\/div><\/div>\t\t\n\t  \n\n\t\t\n\t\n\n\t\n<\/li><\/ul>\n<\/div>[\/vc_column_text][divider line_type=&#8221;Full Width Line&#8221; line_thickness=&#8221;2&#8243; divider_color=&#8221;extra-color-1&#8243;][\/vc_column][\/vc_row]\n","protected":false},"excerpt":{"rendered":"<p>[vc_row type=&#8221;in_container&#8221; full_screen_row_position=&#8221;middle&#8221; column_margin=&#8221;default&#8221; column_direction=&#8221;default&#8221; column_direction_tablet=&#8221;default&#8221; column_direction_phone=&#8221;default&#8221; scene_position=&#8221;center&#8221; text_color=&#8221;dark&#8221; text_align=&#8221;left&#8221; row_border_radius=&#8221;none&#8221; row_border_radius_applies=&#8221;bg&#8221; overflow=&#8221;visible&#8221; overlay_strength=&#8221;0.3&#8243; gradient_direction=&#8221;left_to_right&#8221; shape_divider_position=&#8221;bottom&#8221; bg_image_animation=&#8221;none&#8221;][vc_column column_padding=&#8221;no-extra-padding&#8221; column_padding_tablet=&#8221;inherit&#8221; column_padding_phone=&#8221;inherit&#8221; column_padding_position=&#8221;all&#8221; column_element_spacing=&#8221;default&#8221; background_color_opacity=&#8221;1&#8243; background_hover_color_opacity=&#8221;1&#8243; column_shadow=&#8221;none&#8221; column_border_radius=&#8221;none&#8221; column_link_target=&#8221;_self&#8221; column_position=&#8221;default&#8221; gradient_direction=&#8221;left_to_right&#8221; overlay_strength=&#8221;0.3&#8243;&#8230;<\/p>\n","protected":false},"author":19,"featured_media":8492,"comment_status":"closed","ping_status":"open","sticky":false,"template":"","format":"standard","meta":{"_acf_changed":false,"inline_featured_image":false,"footnotes":""},"categories":[177],"tags":[],"class_list":{"0":"post-8488","1":"post","2":"type-post","3":"status-publish","4":"format-standard","5":"has-post-thumbnail","7":"category-praca-w-niemczech"},"acf":[],"_links":{"self":[{"href":"https:\/\/idealstaff.com\/pl\/wp-json\/wp\/v2\/posts\/8488","targetHints":{"allow":["GET"]}}],"collection":[{"href":"https:\/\/idealstaff.com\/pl\/wp-json\/wp\/v2\/posts"}],"about":[{"href":"https:\/\/idealstaff.com\/pl\/wp-json\/wp\/v2\/types\/post"}],"author":[{"embeddable":true,"href":"https:\/\/idealstaff.com\/pl\/wp-json\/wp\/v2\/users\/19"}],"replies":[{"embeddable":true,"href":"https:\/\/idealstaff.com\/pl\/wp-json\/wp\/v2\/comments?post=8488"}],"version-history":[{"count":1,"href":"https:\/\/idealstaff.com\/pl\/wp-json\/wp\/v2\/posts\/8488\/revisions"}],"predecessor-version":[{"id":11168,"href":"https:\/\/idealstaff.com\/pl\/wp-json\/wp\/v2\/posts\/8488\/revisions\/11168"}],"wp:featuredmedia":[{"embeddable":true,"href":"https:\/\/idealstaff.com\/pl\/wp-json\/wp\/v2\/media\/8492"}],"wp:attachment":[{"href":"https:\/\/idealstaff.com\/pl\/wp-json\/wp\/v2\/media?parent=8488"}],"wp:term":[{"taxonomy":"category","embeddable":true,"href":"https:\/\/idealstaff.com\/pl\/wp-json\/wp\/v2\/categories?post=8488"},{"taxonomy":"post_tag","embeddable":true,"href":"https:\/\/idealstaff.com\/pl\/wp-json\/wp\/v2\/tags?post=8488"}],"curies":[{"name":"wp","href":"https:\/\/api.w.org\/{rel}","templated":true}]}}