{"id":8793,"date":"2023-10-02T09:02:15","date_gmt":"2023-10-02T07:02:15","guid":{"rendered":"https:\/\/idealstaff.com\/?p=8793"},"modified":"2025-08-08T16:54:37","modified_gmt":"2025-08-08T14:54:37","slug":"jakie-umiejetnosci-sa-wazne-u-pracownikow-tymczasowych-w-magazynach","status":"publish","type":"post","link":"https:\/\/idealstaff.com\/pl\/jakie-umiejetnosci-sa-wazne-u-pracownikow-tymczasowych-w-magazynach\/","title":{"rendered":"Jakie umiej\u0119tno\u015bci s\u0105 wa\u017cne u pracownik\u00f3w tymczasowych w magazynach?"},"content":{"rendered":"[vc_row type=&#8221;in_container&#8221; full_screen_row_position=&#8221;middle&#8221; column_margin=&#8221;default&#8221; column_direction=&#8221;default&#8221; column_direction_tablet=&#8221;default&#8221; column_direction_phone=&#8221;default&#8221; scene_position=&#8221;center&#8221; text_color=&#8221;dark&#8221; text_align=&#8221;left&#8221; row_border_radius=&#8221;none&#8221; row_border_radius_applies=&#8221;bg&#8221; overflow=&#8221;visible&#8221; overlay_strength=&#8221;0.3&#8243; gradient_direction=&#8221;left_to_right&#8221; shape_divider_position=&#8221;bottom&#8221; bg_image_animation=&#8221;none&#8221;][vc_column column_padding=&#8221;no-extra-padding&#8221; column_padding_tablet=&#8221;inherit&#8221; column_padding_phone=&#8221;inherit&#8221; column_padding_position=&#8221;all&#8221; column_element_spacing=&#8221;default&#8221; background_color_opacity=&#8221;1&#8243; background_hover_color_opacity=&#8221;1&#8243; column_shadow=&#8221;none&#8221; column_border_radius=&#8221;none&#8221; column_link_target=&#8221;_self&#8221; column_position=&#8221;default&#8221; gradient_direction=&#8221;left_to_right&#8221; overlay_strength=&#8221;0.3&#8243; width=&#8221;1\/1&#8243; tablet_width_inherit=&#8221;default&#8221; tablet_text_alignment=&#8221;default&#8221; phone_text_alignment=&#8221;default&#8221; animation_type=&#8221;default&#8221; bg_image_animation=&#8221;none&#8221; border_type=&#8221;simple&#8221; column_border_width=&#8221;none&#8221; column_border_style=&#8221;solid&#8221;][vc_column_text]<span data-contrast=\"auto\"><strong>Praca w magazynie mo\u017ce by\u0107 dynamiczna i wymagaj\u0105ca<\/strong>, zar\u00f3wno dla sta\u0142ych pracownik\u00f3w, jak i pracownik\u00f3w tymczasowych. Warto zastanowi\u0107 si\u0119, jakie umiej\u0119tno\u015bci s\u0105 kluczowe dla os\u00f3b, kt\u00f3re podejmuj\u0105 si\u0119 tymczasowej pracy w magazynie oraz jakie testy lub kwalifikacje mog\u0105 by\u0107 wymagane od pracownik\u00f3w tymczasowych.<\/span><span data-ccp-props=\"{&quot;201341983&quot;:0,&quot;335559739&quot;:160,&quot;335559740&quot;:259}\">\u00a0<\/span><\/p>\n<div id=\"ez-toc-container\" class=\"ez-toc-v2_0_82_2 counter-hierarchy ez-toc-counter ez-toc-grey ez-toc-container-direction\">\n<div class=\"ez-toc-title-container\">\n<p class=\"ez-toc-title\" style=\"cursor:inherit\">Spis tre\u015bci:<\/p>\n<span class=\"ez-toc-title-toggle\"><\/span><\/div>\n<nav><ul class='ez-toc-list ez-toc-list-level-1 ' ><li class='ez-toc-page-1 ez-toc-heading-level-2'><a class=\"ez-toc-link ez-toc-heading-1\" href=\"https:\/\/idealstaff.com\/pl\/jakie-umiejetnosci-sa-wazne-u-pracownikow-tymczasowych-w-magazynach\/#Jakie_umiejetnosci_sa_wazne_podczas_pracy_na_magazynie\" >Jakie umiej\u0119tno\u015bci s\u0105 wa\u017cne podczas pracy na magazynie?<\/a><\/li><li class='ez-toc-page-1 ez-toc-heading-level-2'><a class=\"ez-toc-link ez-toc-heading-2\" href=\"https:\/\/idealstaff.com\/pl\/jakie-umiejetnosci-sa-wazne-u-pracownikow-tymczasowych-w-magazynach\/#Testy_i_kwalifikacje_podczas_pracy_w_magazynach\" >Testy i kwalifikacje podczas pracy w magazynach<\/a><\/li><\/ul><\/nav><\/div>\n<h2><span class=\"ez-toc-section\" id=\"Jakie_umiejetnosci_sa_wazne_podczas_pracy_na_magazynie\"><\/span>Jakie umiej\u0119tno\u015bci s\u0105 wa\u017cne podczas pracy na magazynie?<span class=\"ez-toc-section-end\"><\/span><\/h2>\n<ol>\n<li><b><span data-contrast=\"auto\"> Organizacja i zdolno\u015b\u0107 do pracy w systemie<\/span><\/b><\/li>\n<\/ol>\n<p><span data-contrast=\"auto\"><a href=\"https:\/\/idealstaff.com\/magazynier\/\">Pracownicy magazynowi<\/a> cz\u0119sto maj\u0105 do czynienia z licznymi produktami i zam\u00f3wieniami, dlatego wa\u017cne jest, aby byli dobrze zorganizowani. Zdolno\u015b\u0107 do pracy zgodnie z systemem, dba\u0142o\u015b\u0107 o szczeg\u00f3\u0142y i umiej\u0119tno\u015b\u0107 skrupulatnego wykonywania zada\u0144 s\u0105 niezwykle wa\u017cne.<\/span><span data-ccp-props=\"{&quot;201341983&quot;:0,&quot;335559739&quot;:160,&quot;335559740&quot;:259}\">\u00a0<\/span><\/p>\n<ol start=\"2\">\n<li><b><span data-contrast=\"auto\"> Fizyczna wytrzyma\u0142o\u015b\u0107<\/span><\/b><\/li>\n<\/ol>\n<p><span data-contrast=\"auto\">Praca w magazynie cz\u0119sto wi\u0105\u017ce si\u0119 z podnoszeniem i przemieszczaniem ci\u0119\u017ckich przedmiot\u00f3w. Dlatego <a href=\"https:\/\/idealstaff.com\/pracownicy-tymczasowi-sezonowi-na-stale\/\">pracownicy tymczasowi<\/a> musz\u0105 by\u0107 fizycznie sprawni i wytrzymali, aby sprosta\u0107 tym zadaniom bez ryzyka kontuzji.<\/span><span data-ccp-props=\"{&quot;201341983&quot;:0,&quot;335559739&quot;:160,&quot;335559740&quot;:259}\">\u00a0<\/span><\/p>\n<ol start=\"3\">\n<li><b><span data-contrast=\"auto\"> Zrozumienie procedur bezpiecze\u0144stwa<\/span><\/b><\/li>\n<\/ol>\n<p><span data-contrast=\"auto\">Bezpiecze\u0144stwo w miejscu pracy jest priorytetem. <strong>Pracownicy tymczasowi w magazynach musz\u0105 zrozumie\u0107 i przestrzega\u0107 procedur bezpiecze\u0144stwa<\/strong>, w tym noszenia odpowiednich \u015brodk\u00f3w ochrony osobistej i unikania ryzyka wypadk\u00f3w.<\/span><span data-ccp-props=\"{&quot;201341983&quot;:0,&quot;335559739&quot;:160,&quot;335559740&quot;:259}\">\u00a0<\/span>[\/vc_column_text][vc_column_text]\n<ol start=\"4\">\n<li><b><span data-contrast=\"auto\"> Komunikacja i wsp\u00f3\u0142praca<\/span><\/b><\/li>\n<\/ol>\n<p><span data-contrast=\"auto\">W magazynach cz\u0119sto pracuje wiele os\u00f3b, wi\u0119c umiej\u0119tno\u015b\u0107 efektywnej komunikacji i wsp\u00f3\u0142pracy z innymi pracownikami jest kluczowa. To pomaga w zapewnieniu p\u0142ynno\u015bci pracy i unikni\u0119ciu b\u0142\u0119d\u00f3w.<\/span><span data-ccp-props=\"{&quot;201341983&quot;:0,&quot;335559739&quot;:160,&quot;335559740&quot;:259}\">\u00a0<\/span><\/p>\n<ol start=\"5\">\n<li><b><span data-contrast=\"auto\"> Obs\u0142uga sprz\u0119tu magazynowego<\/span><\/b><\/li>\n<\/ol>\n<p><span data-contrast=\"auto\">W zale\u017cno\u015bci od rodzaju magazynu <strong>pracownicy mog\u0105 potrzebowa\u0107 umiej\u0119tno\u015bci obs\u0142ugi r\u00f3\u017cnego rodzaju sprz\u0119tu<\/strong>, takiego jak w\u00f3zki wid\u0142owe, podno\u015bniki czy skanery kod\u00f3w kreskowych. Wymagane kwalifikacje mog\u0105 si\u0119 r\u00f3\u017cni\u0107, ale umiej\u0119tno\u015b\u0107 obs\u0142ugi tych narz\u0119dzi mo\u017ce by\u0107 kluczowa.<\/span><span data-ccp-props=\"{&quot;201341983&quot;:0,&quot;335559739&quot;:160,&quot;335559740&quot;:259}\">\u00a0<\/span><\/p>\n<ol start=\"6\">\n<li><b><span data-contrast=\"auto\"> Szybko\u015b\u0107 i dok\u0142adno\u015b\u0107<\/span><\/b><\/li>\n<\/ol>\n<p><span data-contrast=\"auto\">W magazynach cz\u0119sto istnieje presja czasu, zw\u0142aszcza je\u015bli chodzi o kompletowanie zam\u00f3wie\u0144. Pracownicy tymczasowi musz\u0105 by\u0107 w stanie pracowa\u0107 sprawnie i jednocze\u015bnie zachowywa\u0107 dok\u0142adno\u015b\u0107, aby unikn\u0105\u0107 b\u0142\u0119d\u00f3w.<\/span><span data-ccp-props=\"{&quot;201341983&quot;:0,&quot;335559739&quot;:160,&quot;335559740&quot;:259}\">\u00a0<\/span><\/p>\n<h2><span class=\"ez-toc-section\" id=\"Testy_i_kwalifikacje_podczas_pracy_w_magazynach\"><\/span>Testy i kwalifikacje podczas pracy w magazynach<span class=\"ez-toc-section-end\"><\/span><\/h2>\n<p><span data-contrast=\"auto\">Aby upewni\u0107 si\u0119, \u017ce pracownicy tymczasowi posiadaj\u0105 odpowiednie umiej\u0119tno\u015bci, <strong>pracodawcy mog\u0105 wymaga\u0107 od nich zdania test\u00f3w lub uzyskania okre\u015blonych kwalifikacji<\/strong>. Na przyk\u0142ad, operatorzy w\u00f3zk\u00f3w wid\u0142owych mog\u0105 musie\u0107 posiada\u0107 odpowiednie certyfikaty potwierdzaj\u0105ce ich umiej\u0119tno\u015bci obs\u0142ugi tego sprz\u0119tu. Testy praktyczne lub teoretyczne mog\u0105 by\u0107 r\u00f3wnie\u017c stosowane do oceny innych umiej\u0119tno\u015bci, takich jak znajomo\u015b\u0107 procedur bezpiecze\u0144stwa czy umiej\u0119tno\u015b\u0107 pracy zespo\u0142owej.<\/span><span data-ccp-props=\"{&quot;201341983&quot;:0,&quot;335559739&quot;:160,&quot;335559740&quot;:259}\">\u00a0<\/span><\/p>\n<p><span data-contrast=\"auto\"><a href=\"https:\/\/idealstaff.com\/oferty-pracy\/niemcy\/\">Praca na magazynie w Niemczech<\/a> nie jest \u0142atwa i wymaga konkretnego zestawu umiej\u0119tno\u015bci, dlatego warto wzi\u0105\u0107 to pod uwag\u0119 przy poszukiwaniach pracy. Poznaj r\u00f3wnie\u017c <a href=\"https:\/\/idealstaff.com\/slownik-pojec-dla-pracownikow-w-niemczech\/\">s\u0142ownik z niemieckim dla pracownik\u00f3w magazynowych<\/a>!<\/span><\/p>\n<p><span data-ccp-props=\"{&quot;201341983&quot;:0,&quot;335559739&quot;:160,&quot;335559740&quot;:259}\">\u00a0<\/span>[\/vc_column_text][vc_row_inner equal_height=&#8221;yes&#8221; content_placement=&#8221;middle&#8221; column_margin=&#8221;default&#8221; column_direction=&#8221;default&#8221; column_direction_tablet=&#8221;default&#8221; column_direction_phone=&#8221;default&#8221; text_align=&#8221;left&#8221; row_position=&#8221;default&#8221; row_position_tablet=&#8221;inherit&#8221; row_position_phone=&#8221;inherit&#8221; class=&#8221;poznaj_stanowiska_opis_sekcja_przycisk&#8221; overflow=&#8221;visible&#8221; pointer_events=&#8221;all&#8221;][vc_column_inner column_padding=&#8221;no-extra-padding&#8221; column_padding_tablet=&#8221;inherit&#8221; column_padding_phone=&#8221;inherit&#8221; column_padding_position=&#8221;all&#8221; column_element_spacing=&#8221;default&#8221; background_color_opacity=&#8221;1&#8243; background_hover_color_opacity=&#8221;1&#8243; column_shadow=&#8221;none&#8221; column_border_radius=&#8221;none&#8221; column_link_target=&#8221;_self&#8221; gradient_direction=&#8221;left_to_right&#8221; overlay_strength=&#8221;0.3&#8243; width=&#8221;1\/2&#8243; tablet_width_inherit=&#8221;default&#8221; animation_type=&#8221;default&#8221; bg_image_animation=&#8221;none&#8221; border_type=&#8221;simple&#8221; column_border_width=&#8221;none&#8221; column_border_style=&#8221;solid&#8221;][vc_custom_heading text=&#8221;Szukasz pracy w Niemczech?&#8221; font_container=&#8221;tag:p|text_align:left&#8221; use_theme_fonts=&#8221;yes&#8221;][\/vc_column_inner][vc_column_inner column_padding=&#8221;no-extra-padding&#8221; column_padding_tablet=&#8221;inherit&#8221; column_padding_phone=&#8221;inherit&#8221; column_padding_position=&#8221;all&#8221; column_element_spacing=&#8221;default&#8221; centered_text=&#8221;true&#8221; background_color_opacity=&#8221;1&#8243; background_hover_color_opacity=&#8221;1&#8243; column_shadow=&#8221;none&#8221; column_border_radius=&#8221;none&#8221; column_link_target=&#8221;_self&#8221; advanced_gradient_angle=&#8221;0&#8243; gradient_direction=&#8221;left_to_right&#8221; overlay_strength=&#8221;0.3&#8243; width=&#8221;1\/2&#8243; tablet_width_inherit=&#8221;default&#8221; animation_type=&#8221;default&#8221; bg_image_animation=&#8221;none&#8221; border_type=&#8221;simple&#8221; column_border_width=&#8221;none&#8221; column_border_style=&#8221;solid&#8221; gradient_type=&#8221;default&#8221;][nectar_btn size=&#8221;small&#8221; button_style=&#8221;see-through-2&#8243; color_override=&#8221;#ffffff&#8221; hover_text_color_override=&#8221;#ffffff&#8221; icon_family=&#8221;none&#8221; text=&#8221;Zobacz nasze oferty&#8221; url=&#8221;\/oferty-pracy\/niemcy\/&#8221;][\/vc_column_inner][\/vc_row_inner][\/vc_column][\/vc_row]\n","protected":false},"excerpt":{"rendered":"<p>[vc_row type=&#8221;in_container&#8221; full_screen_row_position=&#8221;middle&#8221; column_margin=&#8221;default&#8221; column_direction=&#8221;default&#8221; column_direction_tablet=&#8221;default&#8221; column_direction_phone=&#8221;default&#8221; scene_position=&#8221;center&#8221; text_color=&#8221;dark&#8221; text_align=&#8221;left&#8221; row_border_radius=&#8221;none&#8221; row_border_radius_applies=&#8221;bg&#8221; overflow=&#8221;visible&#8221; overlay_strength=&#8221;0.3&#8243; gradient_direction=&#8221;left_to_right&#8221; shape_divider_position=&#8221;bottom&#8221; bg_image_animation=&#8221;none&#8221;][vc_column column_padding=&#8221;no-extra-padding&#8221; column_padding_tablet=&#8221;inherit&#8221; column_padding_phone=&#8221;inherit&#8221; column_padding_position=&#8221;all&#8221; column_element_spacing=&#8221;default&#8221; background_color_opacity=&#8221;1&#8243; background_hover_color_opacity=&#8221;1&#8243; column_shadow=&#8221;none&#8221; column_border_radius=&#8221;none&#8221; column_link_target=&#8221;_self&#8221; column_position=&#8221;default&#8221; gradient_direction=&#8221;left_to_right&#8221; overlay_strength=&#8221;0.3&#8243;&#8230;<\/p>\n","protected":false},"author":19,"featured_media":8797,"comment_status":"closed","ping_status":"open","sticky":false,"template":"","format":"standard","meta":{"_acf_changed":false,"inline_featured_image":false,"footnotes":""},"categories":[177],"tags":[],"class_list":{"0":"post-8793","1":"post","2":"type-post","3":"status-publish","4":"format-standard","5":"has-post-thumbnail","7":"category-praca-w-niemczech"},"acf":[],"_links":{"self":[{"href":"https:\/\/idealstaff.com\/pl\/wp-json\/wp\/v2\/posts\/8793","targetHints":{"allow":["GET"]}}],"collection":[{"href":"https:\/\/idealstaff.com\/pl\/wp-json\/wp\/v2\/posts"}],"about":[{"href":"https:\/\/idealstaff.com\/pl\/wp-json\/wp\/v2\/types\/post"}],"author":[{"embeddable":true,"href":"https:\/\/idealstaff.com\/pl\/wp-json\/wp\/v2\/users\/19"}],"replies":[{"embeddable":true,"href":"https:\/\/idealstaff.com\/pl\/wp-json\/wp\/v2\/comments?post=8793"}],"version-history":[{"count":3,"href":"https:\/\/idealstaff.com\/pl\/wp-json\/wp\/v2\/posts\/8793\/revisions"}],"predecessor-version":[{"id":13644,"href":"https:\/\/idealstaff.com\/pl\/wp-json\/wp\/v2\/posts\/8793\/revisions\/13644"}],"wp:featuredmedia":[{"embeddable":true,"href":"https:\/\/idealstaff.com\/pl\/wp-json\/wp\/v2\/media\/8797"}],"wp:attachment":[{"href":"https:\/\/idealstaff.com\/pl\/wp-json\/wp\/v2\/media?parent=8793"}],"wp:term":[{"taxonomy":"category","embeddable":true,"href":"https:\/\/idealstaff.com\/pl\/wp-json\/wp\/v2\/categories?post=8793"},{"taxonomy":"post_tag","embeddable":true,"href":"https:\/\/idealstaff.com\/pl\/wp-json\/wp\/v2\/tags?post=8793"}],"curies":[{"name":"wp","href":"https:\/\/api.w.org\/{rel}","templated":true}]}}