{"id":8872,"date":"2023-10-18T11:03:14","date_gmt":"2023-10-18T09:03:14","guid":{"rendered":"https:\/\/idealstaff.com\/?p=8872"},"modified":"2024-11-27T12:27:52","modified_gmt":"2024-11-27T11:27:52","slug":"jak-znalezc-prace-w-niemieckim-magazynie-wskazowki-cv-i-rozmowa-kwalifikacyjna","status":"publish","type":"post","link":"https:\/\/idealstaff.com\/pl\/jak-znalezc-prace-w-niemieckim-magazynie-wskazowki-cv-i-rozmowa-kwalifikacyjna\/","title":{"rendered":"Jak znale\u017a\u0107 prac\u0119 w niemieckim magazynie: wskaz\u00f3wki, CV i rozmowa kwalifikacyjna"},"content":{"rendered":"[vc_row type=&#8221;in_container&#8221; full_screen_row_position=&#8221;middle&#8221; column_margin=&#8221;default&#8221; column_direction=&#8221;default&#8221; column_direction_tablet=&#8221;default&#8221; column_direction_phone=&#8221;default&#8221; scene_position=&#8221;center&#8221; text_color=&#8221;dark&#8221; text_align=&#8221;left&#8221; row_border_radius=&#8221;none&#8221; row_border_radius_applies=&#8221;bg&#8221; overflow=&#8221;visible&#8221; overlay_strength=&#8221;0.3&#8243; gradient_direction=&#8221;left_to_right&#8221; shape_divider_position=&#8221;bottom&#8221; bg_image_animation=&#8221;none&#8221;][vc_column column_padding=&#8221;no-extra-padding&#8221; column_padding_tablet=&#8221;inherit&#8221; column_padding_phone=&#8221;inherit&#8221; column_padding_position=&#8221;all&#8221; column_element_spacing=&#8221;default&#8221; background_color_opacity=&#8221;1&#8243; background_hover_color_opacity=&#8221;1&#8243; column_shadow=&#8221;none&#8221; column_border_radius=&#8221;none&#8221; column_link_target=&#8221;_self&#8221; column_position=&#8221;default&#8221; gradient_direction=&#8221;left_to_right&#8221; overlay_strength=&#8221;0.3&#8243; width=&#8221;1\/1&#8243; tablet_width_inherit=&#8221;default&#8221; tablet_text_alignment=&#8221;default&#8221; phone_text_alignment=&#8221;default&#8221; animation_type=&#8221;default&#8221; bg_image_animation=&#8221;none&#8221; border_type=&#8221;simple&#8221; column_border_width=&#8221;none&#8221; column_border_style=&#8221;solid&#8221;][vc_column_text]<strong>Szukasz pracy w Niemczech i zastanawiasz si\u0119 od czego zacz\u0105\u0107<\/strong>? Podpowiadamy, gdzie i jak szuka\u0107 ofert pracy, jak przygotowa\u0107 dobre CV oraz jak poradzi\u0107 sobie podczas rozmowy kwalifikacyjnej.<\/p>\n<div id=\"ez-toc-container\" class=\"ez-toc-v2_0_82_2 counter-hierarchy ez-toc-counter ez-toc-grey ez-toc-container-direction\">\n<div class=\"ez-toc-title-container\">\n<p class=\"ez-toc-title\" style=\"cursor:inherit\">Spis tre\u015bci:<\/p>\n<span class=\"ez-toc-title-toggle\"><\/span><\/div>\n<nav><ul class='ez-toc-list ez-toc-list-level-1 ' ><li class='ez-toc-page-1 ez-toc-heading-level-2'><a class=\"ez-toc-link ez-toc-heading-1\" href=\"https:\/\/idealstaff.com\/pl\/jak-znalezc-prace-w-niemieckim-magazynie-wskazowki-cv-i-rozmowa-kwalifikacyjna\/#Oto_kilka_wskazowek_ktore_pomoga_Ci_w_znalezieniu_pracy_na_magazynie\" >Oto kilka wskaz\u00f3wek, kt\u00f3re pomog\u0105 Ci w znalezieniu pracy na magazynie.<\/a><\/li><li class='ez-toc-page-1 ez-toc-heading-level-2'><a class=\"ez-toc-link ez-toc-heading-2\" href=\"https:\/\/idealstaff.com\/pl\/jak-znalezc-prace-w-niemieckim-magazynie-wskazowki-cv-i-rozmowa-kwalifikacyjna\/#Przygotowanie_do_rozmowy_kwalifikacyjnej\" >Przygotowanie do rozmowy kwalifikacyjnej<\/a><\/li><li class='ez-toc-page-1 ez-toc-heading-level-2'><a class=\"ez-toc-link ez-toc-heading-3\" href=\"https:\/\/idealstaff.com\/pl\/jak-znalezc-prace-w-niemieckim-magazynie-wskazowki-cv-i-rozmowa-kwalifikacyjna\/#Praca_przy_skladaniu_namiotow_eventowych_Praca_w_Niemczech\" >Praca przy sk\u0142adaniu namiot\u00f3w eventowych | Praca w Niemczech<\/a><\/li><li class='ez-toc-page-1 ez-toc-heading-level-2'><a class=\"ez-toc-link ez-toc-heading-4\" href=\"https:\/\/idealstaff.com\/pl\/jak-znalezc-prace-w-niemieckim-magazynie-wskazowki-cv-i-rozmowa-kwalifikacyjna\/#Praca_w_Niemczech_Wyjazd_po_majowce_Rozne_stanowiska\" >Praca w Niemczech | Wyjazd po maj\u00f3wce | R\u00f3\u017cne stanowiska<\/a><\/li><\/ul><\/nav><\/div>\n<h2><span class=\"ez-toc-section\" id=\"Oto_kilka_wskazowek_ktore_pomoga_Ci_w_znalezieniu_pracy_na_magazynie\"><\/span>Oto kilka wskaz\u00f3wek, kt\u00f3re pomog\u0105 Ci w znalezieniu pracy na magazynie.<span class=\"ez-toc-section-end\"><\/span><\/h2>\n<h3>Rozpocznij poszukiwanie:<\/h3>\n<p>Niemcy oferuj\u0105 wiele miejsc pracy w magazynach, ale \u017ceby je znale\u017a\u0107, musisz zacz\u0105\u0107 poszukiwania. Mo\u017cesz skorzysta\u0107 z r\u00f3\u017cnych \u017ar\u00f3de\u0142, takich jak:<\/p>\n<ul>\n<li>Serwisy z ofertami pracy: Istnieje wiele dedykowanych serwis\u00f3w, na kt\u00f3rych mo\u017cna znale\u017a\u0107 oferty pracy. Przyk\u0142ady to Indeed, OLX czy GoWork. Wpisz swoje kryteria wyszukiwania, takie jak lokalizacja i rodzaj pracy, aby znale\u017a\u0107 odpowiednie oferty.<\/li>\n<li>Agencje pracy tymczasowej: Wiele agencji pracy tymczasowej takich jak <a href=\"https:\/\/idealstaff.com\/\">IDEAL WORK<\/a> specjalizuje si\u0119 w zatrudnianiu pracownik\u00f3w magazynowych. Zarejestruj si\u0119 w kilku z nich, aby zwi\u0119kszy\u0107 swoje szanse na znalezienie pracy.<\/li>\n<li>Lokalne gazety i og\u0142oszenia: W niekt\u00f3rych regionach <a href=\"https:\/\/idealstaff.com\/oferty-pracy\/\">og\u0142oszenia z ofertami pracy na magazynie<\/a> mo\u017cna znale\u017a\u0107 w lokalnych gazetach lub na tablicach og\u0142osze\u0144 w okolicznych sklepach.<\/li>\n<\/ul>\n<h3>Tworzenie CV:<\/h3>\n<p><strong>Dobre CV to klucz do przyci\u0105gni\u0119cia uwagi pracodawcy<\/strong>. Oto kilka wskaz\u00f3wek, jak stworzy\u0107 profesjonalne CV:<\/p>\n<ul>\n<li>Podsumowanie: <strong>Rozpocznij CV od kr\u00f3tkiego podsumowania<\/strong>, w kt\u00f3rym opiszesz swoje do\u015bwiadczenie i umiej\u0119tno\u015bci zwi\u0105zane z prac\u0105 magazynow\u0105.<\/li>\n<li>Do\u015bwiadczenie zawodowe: Opisz swoje wcze\u015bniejsze stanowiska i obowi\u0105zki w spos\u00f3b klarowny i zrozumia\u0142y. Podkre\u015bl umiej\u0119tno\u015bci, kt\u00f3re s\u0105 wa\u017cne dla pracy w magazynie, takie jak obs\u0142uga sprz\u0119tu lub zarz\u0105dzanie zapasami.<\/li>\n<li>Wykszta\u0142cenie: <strong>Podaj informacje o swoim wykszta\u0142ceniu<\/strong>, zw\u0142aszcza je\u015bli jest zwi\u0105zane z prac\u0105 w magazynie.<\/li>\n<li>Umiej\u0119tno\u015bci: Wymie\u0144 umiej\u0119tno\u015bci, kt\u00f3re posiadasz i kt\u00f3re s\u0105 przydatne w pracy magazynowej, np. obs\u0142uga w\u00f3zk\u00f3w wid\u0142owych, umiej\u0119tno\u015b\u0107 pracy w zespole, czy znajomo\u015b\u0107 j\u0119zyka niemieckiego.<\/li>\n<\/ul>\n[\/vc_column_text][vc_row_inner equal_height=&#8221;yes&#8221; content_placement=&#8221;middle&#8221; column_margin=&#8221;default&#8221; column_direction=&#8221;default&#8221; column_direction_tablet=&#8221;default&#8221; column_direction_phone=&#8221;default&#8221; text_align=&#8221;left&#8221; row_position=&#8221;default&#8221; row_position_tablet=&#8221;inherit&#8221; row_position_phone=&#8221;inherit&#8221; class=&#8221;poznaj_stanowiska_opis_sekcja_przycisk&#8221; overflow=&#8221;visible&#8221; pointer_events=&#8221;all&#8221;][vc_column_inner column_padding=&#8221;no-extra-padding&#8221; column_padding_tablet=&#8221;inherit&#8221; column_padding_phone=&#8221;inherit&#8221; column_padding_position=&#8221;all&#8221; column_element_spacing=&#8221;default&#8221; background_color_opacity=&#8221;1&#8243; background_hover_color_opacity=&#8221;1&#8243; column_shadow=&#8221;none&#8221; column_border_radius=&#8221;none&#8221; column_link_target=&#8221;_self&#8221; gradient_direction=&#8221;left_to_right&#8221; overlay_strength=&#8221;0.3&#8243; width=&#8221;1\/2&#8243; tablet_width_inherit=&#8221;default&#8221; animation_type=&#8221;default&#8221; bg_image_animation=&#8221;none&#8221; border_type=&#8221;simple&#8221; column_border_width=&#8221;none&#8221; column_border_style=&#8221;solid&#8221;][vc_custom_heading text=&#8221;Stw\u00f3rz IDEALne CV&#8221; font_container=&#8221;tag:p|text_align:left&#8221; use_theme_fonts=&#8221;yes&#8221;][\/vc_column_inner][vc_column_inner column_padding=&#8221;no-extra-padding&#8221; column_padding_tablet=&#8221;inherit&#8221; column_padding_phone=&#8221;inherit&#8221; column_padding_position=&#8221;all&#8221; column_element_spacing=&#8221;default&#8221; centered_text=&#8221;true&#8221; background_color_opacity=&#8221;1&#8243; background_hover_color_opacity=&#8221;1&#8243; column_shadow=&#8221;none&#8221; column_border_radius=&#8221;none&#8221; column_link_target=&#8221;_self&#8221; advanced_gradient_angle=&#8221;0&#8243; gradient_direction=&#8221;left_to_right&#8221; overlay_strength=&#8221;0.3&#8243; width=&#8221;1\/2&#8243; tablet_width_inherit=&#8221;default&#8221; animation_type=&#8221;default&#8221; bg_image_animation=&#8221;none&#8221; border_type=&#8221;simple&#8221; column_border_width=&#8221;none&#8221; column_border_style=&#8221;solid&#8221; gradient_type=&#8221;default&#8221;][nectar_btn size=&#8221;small&#8221; button_style=&#8221;see-through-2&#8243; color_override=&#8221;#ffffff&#8221; hover_text_color_override=&#8221;#ffffff&#8221; icon_family=&#8221;none&#8221; text=&#8221;Pobierz szablon&#8221; url=&#8221;\/wzory-cv-do-pobrania\/&#8221;][\/vc_column_inner][\/vc_row_inner][vc_column_text]\n<h2><span class=\"ez-toc-section\" id=\"Przygotowanie_do_rozmowy_kwalifikacyjnej\"><\/span>Przygotowanie do rozmowy kwalifikacyjnej:<span class=\"ez-toc-section-end\"><\/span><\/h2>\n<p>Je\u015bli otrzymasz zaproszenie na rozmow\u0119 kwalifikacyjn\u0105, to znaczy, \u017ce <strong>jeste\u015b blisko znalezienia pracy na magazynie w niemczech<\/strong>. Oto kilka wskaz\u00f3wek, kt\u00f3re pomog\u0105 Ci si\u0119 do niej przygotowa\u0107:<\/p>\n<ul>\n<li>Badanie firmy: Zanim przyjdziesz na rozmow\u0119, dowiedz si\u0119 jak najwi\u0119cej o firmie, w kt\u00f3rej chcesz pracowa\u0107. Zrozum, czym si\u0119 zajmuje, jakie ma warto\u015bci i cele.<\/li>\n<li>Przygotowanie na pytania: Pracodawcy cz\u0119sto zadaj\u0105 pytania na temat Twojego do\u015bwiadczenia, umiej\u0119tno\u015bci i dlaczego chcesz pracowa\u0107 w magazynie. Przygotuj odpowiedzi na takie pytania.<\/li>\n<li>Zadawaj pytania: Podczas rozmowy, mo\u017cesz r\u00f3wnie\u017c zadawa\u0107 pytania pracodawcy. <strong>To pokazuje, \u017ce jeste\u015b zainteresowany prac\u0105 i dobrze si\u0119 przygotowa\u0142e\u015b<\/strong>.<\/li>\n<\/ul>\n<p>Sprawd\u017a, jak wygl\u0105da proces rekrutacji w IDEAL Work -&gt; <a href=\"https:\/\/idealstaff.com\/proces-rekrutacji\/\">https:\/\/idealstaff.com\/proces-rekrutacji\/<\/a> Znalezienie pracy w niemieckim magazynie to zadanie, kt\u00f3re nie musi by\u0107 trudne. IDEAL Work ma wiele atrakcyjnych ofert, kt\u00f3re mog\u0105 Ci\u0119 zainteresowa\u0107. Odwied\u017a nasz\u0105 <a href=\"https:\/\/idealstaff.com\/oferty-pracy-niemcy\/\">stron\u0119 z ofertami pracy\u00a0na rynku niemieckim<\/a>\u00a0i przekonaj si\u0119 sam!<\/p>\n[\/vc_column_text][divider line_type=&#8221;Full Width Line&#8221; line_thickness=&#8221;2&#8243; divider_color=&#8221;extra-color-1&#8243;][vc_custom_heading text=&#8221;Przygotuj si\u0119 na fascynuj\u0105c\u0105 podr\u00f3\u017c zawodow\u0105 i sprawd\u017a nasze aktualne oferty!&#8221; font_container=&#8221;tag:h3|text_align:center|line_height:2&#8243;][vc_column_text]<div class=\"woocommerce columns-4 \">\r\n  <ul class=\"products columns-4\" data-n-lazy=\"1\" data-rm-m-hover=\"off\" data-n-desktop-columns=\"2\" data-n-desktop-small-columns=\"2\" data-n-tablet-columns=\"2\" data-n-phone-columns=\"1\" data-product-style=\"minimal\">\r\n\r\n\r\n\n\t<li class=\"minimal product type-product post-15859 status-publish first instock product_cat-niemcy shipping-taxable product-type-simple\" >\n\n\n\t\n\n\t\t\t\t <div class=\"background-color-expand\"><\/div>\n\t   <div class=\"product-wrap\">\n\t\t\t<a href=\"https:\/\/idealstaff.com\/pl\/oferta\/praca-przy-skladaniu-namiotow-eventowych-praca-w-niemczech\/\" aria-label=\"Praca przy sk\u0142adaniu namiot\u00f3w eventowych | Praca w Niemczech\"><img decoding=\"async\" width=\"300\" height=\"300\" src=\"https:\/\/idealstaff.com\/wp-content\/uploads\/woocommerce-placeholder-300x300.png\" class=\"woocommerce-placeholder wp-post-image\" alt=\"Symbol zast\u0119pczy\" srcset=\"https:\/\/idealstaff.com\/wp-content\/uploads\/woocommerce-placeholder-300x300.png 300w, https:\/\/idealstaff.com\/wp-content\/uploads\/woocommerce-placeholder-150x150.png 150w, https:\/\/idealstaff.com\/wp-content\/uploads\/woocommerce-placeholder-600x600.png 600w, https:\/\/idealstaff.com\/wp-content\/uploads\/woocommerce-placeholder-1024x1024.png 1024w, https:\/\/idealstaff.com\/wp-content\/uploads\/woocommerce-placeholder-768x768.png 768w, https:\/\/idealstaff.com\/wp-content\/uploads\/woocommerce-placeholder-100x100.png 100w, https:\/\/idealstaff.com\/wp-content\/uploads\/woocommerce-placeholder-140x140.png 140w, https:\/\/idealstaff.com\/wp-content\/uploads\/woocommerce-placeholder-500x500.png 500w, https:\/\/idealstaff.com\/wp-content\/uploads\/woocommerce-placeholder-350x350.png 350w, https:\/\/idealstaff.com\/wp-content\/uploads\/woocommerce-placeholder-1000x1000.png 1000w, https:\/\/idealstaff.com\/wp-content\/uploads\/woocommerce-placeholder-800x800.png 800w, https:\/\/idealstaff.com\/wp-content\/uploads\/woocommerce-placeholder.png 1200w\" sizes=\"(max-width: 300px) 100vw, 300px\" title=\"\"><\/a><div class=\"product-meta\"><a href=\"https:\/\/idealstaff.com\/pl\/oferta\/praca-przy-skladaniu-namiotow-eventowych-praca-w-niemczech\/\"><h2 class=\"woocommerce-loop-product__title\"><span class=\"ez-toc-section\" id=\"Praca_przy_skladaniu_namiotow_eventowych_Praca_w_Niemczech\"><\/span>Praca przy sk\u0142adaniu namiot\u00f3w eventowych | Praca w Niemczech<span class=\"ez-toc-section-end\"><\/span><\/h2><\/a><div class=\"box2\">\n\t\t\t\t<span class=\"op_list_field op_list_field_bottom op_list_idealWorkArea\">okolice Munster, Niemcy <\/span>\n\t\t\t\t<span class=\"op_list_field op_list_field_bottom op_list_idealWorkDataCreate\">Opublikowano: 2026-07-30<\/span>\n\t<\/div>\n<div class=\"box3\">\n\t\t\t<div class='aplikuj'>Aplikuj<\/div>\t\n<\/div>\n\t<div class=\"op_list_bottom\">\n\t\t\t\t\t<span class=\"op_list_field op_list_field_bottom op_list_IdealWorkIndustry\">Logistyka<\/span>\n\t\t\t\t\t\t\t<span class=\"op_list_field op_list_field_bottom op_list_idealWorkDepartment\" >Praca Tymczasowa Zagranica<\/span>\n\t\t\t\t\t\t\t<span class=\"op_list_field op_list_field_bottom op_list_idealWorkPlace\">Magazynier<\/span>\n\t\t\t\t\n\t\t\t\t\t\t\t<span class=\"op_list_field op_list_field_bottom op_list_idealWorkSallary\">2 750-3 100EUR brutto\/mc<\/span>\n\t\t\t<\/div>\n\t<div class=\"price-hover-wrap\">\n<div class=\"product-add-to-cart\" data-nectar-quickview=\"false\"><a href=\"https:\/\/idealstaff.com\/pl\/oferta\/praca-przy-skladaniu-namiotow-eventowych-praca-w-niemczech\/\" data-quantity=\"1\" class=\"button product_type_simple\" data-product_id=\"15859\" data-product_sku=\"\" aria-label=\"Przeczytaj wi\u0119cej o &bdquo;Praca przy sk\u0142adaniu namiot\u00f3w eventowych | Praca w Niemczech&rdquo;\" rel=\"nofollow\" data-success_message=\"\"><i class=\"normal icon-salient-cart\"><\/i><span>Dowiedz si\u0119 wi\u0119cej<\/span><\/a><\/div>\n\t\t\t\t<\/div>\n\t\t\t<\/div><\/div>\t\t\n\t  \n\n\t\t\n\t\n\n\t\n<\/li>\n\t<li class=\"minimal product type-product post-15814 status-publish instock product_cat-niemcy shipping-taxable product-type-simple\" >\n\n\n\t\n\n\t\t\t\t <div class=\"background-color-expand\"><\/div>\n\t   <div class=\"product-wrap\">\n\t\t\t<a href=\"https:\/\/idealstaff.com\/pl\/oferta\/praca-w-niemczech-wyjazd-po-majowce-rozne-stanowiska\/\" aria-label=\"Praca w Niemczech | Wyjazd po maj\u00f3wce | R\u00f3\u017cne stanowiska\"><img decoding=\"async\" width=\"300\" height=\"300\" src=\"https:\/\/idealstaff.com\/wp-content\/uploads\/woocommerce-placeholder-300x300.png\" class=\"woocommerce-placeholder wp-post-image\" alt=\"Symbol zast\u0119pczy\" srcset=\"https:\/\/idealstaff.com\/wp-content\/uploads\/woocommerce-placeholder-300x300.png 300w, https:\/\/idealstaff.com\/wp-content\/uploads\/woocommerce-placeholder-150x150.png 150w, https:\/\/idealstaff.com\/wp-content\/uploads\/woocommerce-placeholder-600x600.png 600w, https:\/\/idealstaff.com\/wp-content\/uploads\/woocommerce-placeholder-1024x1024.png 1024w, https:\/\/idealstaff.com\/wp-content\/uploads\/woocommerce-placeholder-768x768.png 768w, https:\/\/idealstaff.com\/wp-content\/uploads\/woocommerce-placeholder-100x100.png 100w, https:\/\/idealstaff.com\/wp-content\/uploads\/woocommerce-placeholder-140x140.png 140w, https:\/\/idealstaff.com\/wp-content\/uploads\/woocommerce-placeholder-500x500.png 500w, https:\/\/idealstaff.com\/wp-content\/uploads\/woocommerce-placeholder-350x350.png 350w, https:\/\/idealstaff.com\/wp-content\/uploads\/woocommerce-placeholder-1000x1000.png 1000w, https:\/\/idealstaff.com\/wp-content\/uploads\/woocommerce-placeholder-800x800.png 800w, https:\/\/idealstaff.com\/wp-content\/uploads\/woocommerce-placeholder.png 1200w\" sizes=\"(max-width: 300px) 100vw, 300px\" title=\"\"><\/a><div class=\"product-meta\"><a href=\"https:\/\/idealstaff.com\/pl\/oferta\/praca-w-niemczech-wyjazd-po-majowce-rozne-stanowiska\/\"><h2 class=\"woocommerce-loop-product__title\"><span class=\"ez-toc-section\" id=\"Praca_w_Niemczech_Wyjazd_po_majowce_Rozne_stanowiska\"><\/span>Praca w Niemczech | Wyjazd po maj\u00f3wce | R\u00f3\u017cne stanowiska<span class=\"ez-toc-section-end\"><\/span><\/h2><\/a><div class=\"box2\">\n\t\t\t\t<span class=\"op_list_field op_list_field_bottom op_list_idealWorkArea\">inne, Niemcy <\/span>\n\t\t\t\t<span class=\"op_list_field op_list_field_bottom op_list_idealWorkDataCreate\">Opublikowano: 2026-04-16<\/span>\n\t<\/div>\n<div class=\"box3\">\n\t\t\t<div class='aplikuj'>Aplikuj<\/div>\t\n<\/div>\n\t<div class=\"op_list_bottom\">\n\t\t\t\t\t<span class=\"op_list_field op_list_field_bottom op_list_IdealWorkIndustry\">Logistyka<\/span>\n\t\t\t\t\t\t\t<span class=\"op_list_field op_list_field_bottom op_list_idealWorkDepartment\" >Praca Tymczasowa Zagranica<\/span>\n\t\t\t\t\t\t\t<span class=\"op_list_field op_list_field_bottom op_list_idealWorkPlace\">Magazynier<\/span>\n\t\t\t\t\n\t\t\t\t\t\t\t<span class=\"op_list_field op_list_field_bottom op_list_idealWorkSallary\">2 300 - 3 450 EUR brutto miesi\u0119cznie<\/span>\n\t\t\t<\/div>\n\t<div class=\"price-hover-wrap\">\n<div class=\"product-add-to-cart\" data-nectar-quickview=\"false\"><a href=\"https:\/\/idealstaff.com\/pl\/oferta\/praca-w-niemczech-wyjazd-po-majowce-rozne-stanowiska\/\" data-quantity=\"1\" class=\"button product_type_simple\" data-product_id=\"15814\" data-product_sku=\"\" aria-label=\"Przeczytaj wi\u0119cej o &bdquo;Praca w Niemczech | Wyjazd po maj\u00f3wce | R\u00f3\u017cne stanowiska&rdquo;\" rel=\"nofollow\" data-success_message=\"\"><i class=\"normal icon-salient-cart\"><\/i><span>Dowiedz si\u0119 wi\u0119cej<\/span><\/a><\/div>\n\t\t\t\t<\/div>\n\t\t\t<\/div><\/div>\t\t\n\t  \n\n\t\t\n\t\n\n\t\n<\/li><\/ul>\n<\/div>[\/vc_column_text][divider line_type=&#8221;Full Width Line&#8221; line_thickness=&#8221;2&#8243; divider_color=&#8221;extra-color-1&#8243;][\/vc_column][\/vc_row]\n","protected":false},"excerpt":{"rendered":"<p>[vc_row type=&#8221;in_container&#8221; full_screen_row_position=&#8221;middle&#8221; column_margin=&#8221;default&#8221; column_direction=&#8221;default&#8221; column_direction_tablet=&#8221;default&#8221; column_direction_phone=&#8221;default&#8221; scene_position=&#8221;center&#8221; text_color=&#8221;dark&#8221; text_align=&#8221;left&#8221; row_border_radius=&#8221;none&#8221; row_border_radius_applies=&#8221;bg&#8221; overflow=&#8221;visible&#8221; overlay_strength=&#8221;0.3&#8243; gradient_direction=&#8221;left_to_right&#8221; shape_divider_position=&#8221;bottom&#8221; bg_image_animation=&#8221;none&#8221;][vc_column column_padding=&#8221;no-extra-padding&#8221; column_padding_tablet=&#8221;inherit&#8221; column_padding_phone=&#8221;inherit&#8221; column_padding_position=&#8221;all&#8221; column_element_spacing=&#8221;default&#8221; background_color_opacity=&#8221;1&#8243; background_hover_color_opacity=&#8221;1&#8243; column_shadow=&#8221;none&#8221; column_border_radius=&#8221;none&#8221; column_link_target=&#8221;_self&#8221; column_position=&#8221;default&#8221; gradient_direction=&#8221;left_to_right&#8221; overlay_strength=&#8221;0.3&#8243;&#8230;<\/p>\n","protected":false},"author":19,"featured_media":3961,"comment_status":"closed","ping_status":"open","sticky":false,"template":"","format":"standard","meta":{"_acf_changed":false,"inline_featured_image":false,"footnotes":""},"categories":[177],"tags":[],"class_list":{"0":"post-8872","1":"post","2":"type-post","3":"status-publish","4":"format-standard","5":"has-post-thumbnail","7":"category-praca-w-niemczech"},"acf":[],"_links":{"self":[{"href":"https:\/\/idealstaff.com\/pl\/wp-json\/wp\/v2\/posts\/8872","targetHints":{"allow":["GET"]}}],"collection":[{"href":"https:\/\/idealstaff.com\/pl\/wp-json\/wp\/v2\/posts"}],"about":[{"href":"https:\/\/idealstaff.com\/pl\/wp-json\/wp\/v2\/types\/post"}],"author":[{"embeddable":true,"href":"https:\/\/idealstaff.com\/pl\/wp-json\/wp\/v2\/users\/19"}],"replies":[{"embeddable":true,"href":"https:\/\/idealstaff.com\/pl\/wp-json\/wp\/v2\/comments?post=8872"}],"version-history":[{"count":1,"href":"https:\/\/idealstaff.com\/pl\/wp-json\/wp\/v2\/posts\/8872\/revisions"}],"predecessor-version":[{"id":11159,"href":"https:\/\/idealstaff.com\/pl\/wp-json\/wp\/v2\/posts\/8872\/revisions\/11159"}],"wp:featuredmedia":[{"embeddable":true,"href":"https:\/\/idealstaff.com\/pl\/wp-json\/wp\/v2\/media\/3961"}],"wp:attachment":[{"href":"https:\/\/idealstaff.com\/pl\/wp-json\/wp\/v2\/media?parent=8872"}],"wp:term":[{"taxonomy":"category","embeddable":true,"href":"https:\/\/idealstaff.com\/pl\/wp-json\/wp\/v2\/categories?post=8872"},{"taxonomy":"post_tag","embeddable":true,"href":"https:\/\/idealstaff.com\/pl\/wp-json\/wp\/v2\/tags?post=8872"}],"curies":[{"name":"wp","href":"https:\/\/api.w.org\/{rel}","templated":true}]}}